{"id":35794,"date":"2019-10-01T14:07:18","date_gmt":"2019-10-01T12:07:18","guid":{"rendered":"https:\/\/www.travianet.de\/?p=35794"},"modified":"2020-05-26T10:40:54","modified_gmt":"2020-05-26T08:40:54","slug":"zum-welttourismustag-bei-travianet-bin-ich-mittendrin","status":"publish","type":"post","link":"https:\/\/www.travianet.de\/pl\/inside-travianet\/zum-welttourismustag-bei-travianet-bin-ich-mittendrin\/","title":{"rendered":"Zum Welttourismustag: Bei travianet bin ich mittendrin"},"content":{"rendered":"<p>[et_pb_section fb_built=&#8221;1&#8243; _builder_version=&#8221;3.27.3&#8243; fb_built=&#8221;1&#8243; _i=&#8221;0&#8243; _address=&#8221;0&#8243;][et_pb_row _builder_version=&#8221;3.27.3&#8243; _i=&#8221;0&#8243; _address=&#8221;0.0&#8243;][et_pb_column type=&#8221;4_4&#8243; _builder_version=&#8221;3.27.3&#8243; _i=&#8221;0&#8243; _address=&#8221;0.0.0&#8243;][et_pb_text _builder_version=&#8221;3.27.3&#8243; _i=&#8221;0&#8243; _address=&#8221;0.0.0.0&#8243;]Zum Welttourismustag<img loading=\"lazy\" decoding=\"async\" class=\"wp-image-35801 alignright size-medium\" src=\"https:\/\/www.travianet.de\/wp-content\/uploads\/2019\/10\/hardy-225x300.jpg\" alt=\"Hardy \u00fcber das Arbeiten bei travianet\" width=\"225\" height=\"300\" \/> wollen wir Euch einmal einen Einblick in die Arbeit in der Tourismusbranche geben. Und wer k\u00f6nnte das besser als einer, der fr\u00fcher als Flugbegleiter um die Welt reiste und jetzt unseren Kunden Urlaubstr\u00e4ume realisiert: Unser Hardy Meisterjahn im Interview:<\/p>\n<p><em>Hardy, Du bist jetzt seit Januar als Reiseberater bei travianet t\u00e4tig. Wie bist Du zu uns gekommen und warum?<\/em><br \/>\n<strong>Hardy:<\/strong> Ich war schon seit einiger Zeit auf der Suche nach einer Alternative, die mich im Anschluss an die aktive Fliegerei als Flugbegleiter anspricht. Dabei bin ich auf travianet gesto\u00dfen. Nach 25 Jahren um die Welt reisen ist es mir immer wichtiger geworden, daheim zu sein. Und seitdem ich bei travianet bin, habe ich die Fliegerei noch keinen Tag vermisst!<\/p>\n<p><em>Kannst Du uns kurz erkl\u00e4ren, was genau zu Deinen Aufgaben geh\u00f6rt&#8230;<\/em><br \/>\n<strong>Hardy:<\/strong> Zu meiner t\u00e4glichen Arbeit geh\u00f6rt die Beratung und Betreuung in deutscher und auch englischer Sprache unserer internationalen Kunden rund um ihre Reisen. Das f\u00e4ngt an mit der Auswahl des Urlaubslandes, \u00fcber Hotel und gew\u00fcnschter Flugverbindungen bis hin zu Einreisebestimmungen. Zudem arbeiten wir Urlaubsangebote mit Alternativen zu verschiedenen Zielgebieten individuell aus.<br \/>\nAber auch nachdem ein Urlaub gebucht wurde, begleiten wir unsere Kunden und k\u00fcmmern uns um alle Anliegen und W\u00fcnsche wie z.B. wenn umgebucht werden soll.<\/p>\n<p><em>Was gef\u00e4llt Dir besonders gut an Deiner Arbeit?<\/em><br \/>\n<strong>Hardy:<\/strong> Wunderbar sind die unterschiedlichen Arbeitszeiten, und dabei auch mal kurzfristig etwas \u00e4ndern zu k\u00f6nnen. Dann nat\u00fcrlich die gegenseitige Unterst\u00fctzung im Team. Die Materie ist so umfangreich, dass eigentlich t\u00e4glich eine v\u00f6llig neue Situation gemeistert werden muss. Und es ist toll, wenn man f\u00fcr den Kunden eine perfekt passende Reise gefunden hat.<\/p>\n<p><em>Du warst fr\u00fcher Flugbegleiter f\u00fcr diverse gro\u00dfe Airlines. Die Tourismusbranche scheint es Dir ja angetan zu haben. Warum?<\/em><br \/>\n<strong>Hardy:<\/strong> Alles rund um das Thema Reisen und Fliegerei hat mich schon immer fasziniert. Und bei travianet bin ich mittendrin!<\/p>\n<p><em>Durch Deine Berufserfahrung bist Du ja schon viel in der Welt herumgekommen. Wo hat es Dir denn bislang am besten gefallen? Welches Urlaubsziel muss man unbedingt einmal gesehen haben?<\/em><br \/>\n<strong>Hardy:<\/strong> Unsere Welt bietet so viele tolle Ziele an, da kann man mit einem Satz gar nicht antworten. Aber kurz und b\u00fcndig: New York City, Buenos Aires, Hong Kong und Tokio und dazu die jeweiligen L\u00e4nder. Indien geh\u00f6rt auch dazu. Als Geheimtipp m\u00f6chte ich Ibiza im Fr\u00fchjahr nennen. Und dann nat\u00fcrlich noch den <a href=\"\/reiseziele\/die-schoensten-reiseziele-in-deutschland\/\" title=\"Der Bayerische Wald z\u00e4hlt zu den sch\u00f6nsten Reisezielen in Deutschland\">wundersch\u00f6nen Bayerischen Wald<\/a>!<\/p>\n<p>Hardy, danke f\u00fcr das Interview![\/et_pb_text][\/et_pb_column][\/et_pb_row][\/et_pb_section][et_pb_section fb_built=&#8221;1&#8243; _builder_version=&#8221;3.27.3&#8243; fb_built=&#8221;1&#8243; _i=&#8221;1&#8243; _address=&#8221;1&#8243;][et_pb_row _builder_version=&#8221;3.27.3&#8243; _i=&#8221;0&#8243; _address=&#8221;1.0&#8243;][et_pb_column type=&#8221;4_4&#8243; _builder_version=&#8221;3.27.3&#8243; _i=&#8221;0&#8243; _address=&#8221;1.0.0&#8243;][et_pb_post_nav _builder_version=&#8221;3.27.3&#8243; _i=&#8221;0&#8243; _address=&#8221;1.0.0.0&#8243;][\/et_pb_post_nav][\/et_pb_column][\/et_pb_row][\/et_pb_section]<\/p>\n","protected":false},"excerpt":{"rendered":"<p>Zum Welttourismustag wollen wir Euch einmal einen Einblick in die Arbeit in der Tourismusbranche geben. Und wer k\u00f6nnte das besser als einer, der fr\u00fcher als Flugbegleiter um die Welt reiste und jetzt unseren Kunden Urlaubstr\u00e4ume realisiert: Unser Hardy Meisterjahn im Interview: Hardy, Du bist jetzt seit Januar als Reiseberater bei travianet t\u00e4tig. Wie bist Du [&hellip;]<\/p>\n","protected":false},"author":4,"featured_media":35797,"comment_status":"open","ping_status":"open","sticky":false,"template":"","format":"standard","meta":{"_et_pb_use_builder":"on","_et_pb_old_content":"","_et_gb_content_width":"","footnotes":""},"categories":[110],"tags":[201,195,112,126,56,217],"class_list":["post-35794","post","type-post","status-publish","format-standard","has-post-thumbnail","hentry","category-inside-travianet","tag-arbeiten-bei-travianet","tag-reisetipps","tag-reiseziele","tag-travianet","tag-urlaub","tag-welttourismustag"],"yoast_head":"<!-- This site is optimized with the Yoast SEO plugin v27.5 - https:\/\/yoast.com\/product\/yoast-seo-wordpress\/ -->\n<title>Zum Welttourismustag: Bei travianet bin ich mittendrin - travianet<\/title>\n<meta name=\"description\" content=\"Welttourismustag bei travianet: Ein alter Hase im Gesch\u00e4ft berichtet \u00fcber die Arbeit in der Branche und speziell bei travianet | Inside travianet\" \/>\n<meta name=\"robots\" content=\"index, follow, max-snippet:-1, max-image-preview:large, max-video-preview:-1\" \/>\n<link rel=\"canonical\" href=\"https:\/\/www.travianet.de\/inside-travianet\/zum-welttourismustag-bei-travianet-bin-ich-mittendrin\/\" \/>\n<meta property=\"og:locale\" content=\"pl_PL\" \/>\n<meta property=\"og:type\" content=\"article\" \/>\n<meta property=\"og:title\" content=\"Zum Welttourismustag: Bei travianet bin ich mittendrin - travianet\" \/>\n<meta property=\"og:description\" content=\"Welttourismustag bei travianet: Ein alter Hase im Gesch\u00e4ft berichtet \u00fcber die Arbeit in der Branche und speziell bei travianet | Inside travianet\" \/>\n<meta property=\"og:url\" content=\"https:\/\/www.travianet.de\/inside-travianet\/zum-welttourismustag-bei-travianet-bin-ich-mittendrin\/\" \/>\n<meta property=\"og:site_name\" content=\"travianet\" \/>\n<meta property=\"article:published_time\" content=\"2019-10-01T12:07:18+00:00\" \/>\n<meta property=\"article:modified_time\" content=\"2020-05-26T08:40:54+00:00\" \/>\n<meta property=\"og:image\" content=\"https:\/\/www.travianet.de\/wp-content\/uploads\/2019\/10\/welttourismustag.jpg\" \/>\n\t<meta property=\"og:image:width\" content=\"1200\" \/>\n\t<meta property=\"og:image:height\" content=\"650\" \/>\n\t<meta property=\"og:image:type\" content=\"image\/jpeg\" \/>\n<meta name=\"author\" content=\"travianet\" \/>\n<meta name=\"twitter:card\" content=\"summary_large_image\" \/>\n<meta name=\"twitter:creator\" content=\"@travianet\" \/>\n<meta name=\"twitter:site\" content=\"@travianet\" \/>\n<meta name=\"twitter:label1\" content=\"Napisane przez\" \/>\n\t<meta name=\"twitter:data1\" content=\"travianet\" \/>\n\t<meta name=\"twitter:label2\" content=\"Szacowany czas czytania\" \/>\n\t<meta name=\"twitter:data2\" content=\"3 minuty\" \/>\n<script type=\"application\/ld+json\" class=\"yoast-schema-graph\">{\"@context\":\"https:\\\/\\\/schema.org\",\"@graph\":[{\"@type\":\"Article\",\"@id\":\"https:\\\/\\\/www.travianet.de\\\/inside-travianet\\\/zum-welttourismustag-bei-travianet-bin-ich-mittendrin\\\/#article\",\"isPartOf\":{\"@id\":\"https:\\\/\\\/www.travianet.de\\\/inside-travianet\\\/zum-welttourismustag-bei-travianet-bin-ich-mittendrin\\\/\"},\"author\":{\"name\":\"travianet\",\"@id\":\"https:\\\/\\\/www.travianet.de\\\/#\\\/schema\\\/person\\\/9e1ffeb8ecf680b4f3a190d98ddf1bf5\"},\"headline\":\"Zum Welttourismustag: Bei travianet bin ich mittendrin\",\"datePublished\":\"2019-10-01T12:07:18+00:00\",\"dateModified\":\"2020-05-26T08:40:54+00:00\",\"mainEntityOfPage\":{\"@id\":\"https:\\\/\\\/www.travianet.de\\\/inside-travianet\\\/zum-welttourismustag-bei-travianet-bin-ich-mittendrin\\\/\"},\"wordCount\":525,\"commentCount\":0,\"publisher\":{\"@id\":\"https:\\\/\\\/www.travianet.de\\\/#organization\"},\"image\":{\"@id\":\"https:\\\/\\\/www.travianet.de\\\/inside-travianet\\\/zum-welttourismustag-bei-travianet-bin-ich-mittendrin\\\/#primaryimage\"},\"thumbnailUrl\":\"https:\\\/\\\/www.travianet.de\\\/wp-content\\\/uploads\\\/2019\\\/10\\\/welttourismustag.jpg\",\"keywords\":[\"Arbeiten bei travianet\",\"Reisetipps\",\"Reiseziele\",\"travianet\",\"Urlaub\",\"Welttourismustag\"],\"articleSection\":[\"Inside travianet\"],\"inLanguage\":\"pl-PL\",\"potentialAction\":[{\"@type\":\"CommentAction\",\"name\":\"Comment\",\"target\":[\"https:\\\/\\\/www.travianet.de\\\/inside-travianet\\\/zum-welttourismustag-bei-travianet-bin-ich-mittendrin\\\/#respond\"]}]},{\"@type\":\"WebPage\",\"@id\":\"https:\\\/\\\/www.travianet.de\\\/inside-travianet\\\/zum-welttourismustag-bei-travianet-bin-ich-mittendrin\\\/\",\"url\":\"https:\\\/\\\/www.travianet.de\\\/inside-travianet\\\/zum-welttourismustag-bei-travianet-bin-ich-mittendrin\\\/\",\"name\":\"Zum Welttourismustag: Bei travianet bin ich mittendrin - travianet\",\"isPartOf\":{\"@id\":\"https:\\\/\\\/www.travianet.de\\\/#website\"},\"primaryImageOfPage\":{\"@id\":\"https:\\\/\\\/www.travianet.de\\\/inside-travianet\\\/zum-welttourismustag-bei-travianet-bin-ich-mittendrin\\\/#primaryimage\"},\"image\":{\"@id\":\"https:\\\/\\\/www.travianet.de\\\/inside-travianet\\\/zum-welttourismustag-bei-travianet-bin-ich-mittendrin\\\/#primaryimage\"},\"thumbnailUrl\":\"https:\\\/\\\/www.travianet.de\\\/wp-content\\\/uploads\\\/2019\\\/10\\\/welttourismustag.jpg\",\"datePublished\":\"2019-10-01T12:07:18+00:00\",\"dateModified\":\"2020-05-26T08:40:54+00:00\",\"description\":\"Welttourismustag bei travianet: Ein alter Hase im Gesch\u00e4ft berichtet \u00fcber die Arbeit in der Branche und speziell bei travianet | Inside travianet\",\"breadcrumb\":{\"@id\":\"https:\\\/\\\/www.travianet.de\\\/inside-travianet\\\/zum-welttourismustag-bei-travianet-bin-ich-mittendrin\\\/#breadcrumb\"},\"inLanguage\":\"pl-PL\",\"potentialAction\":[{\"@type\":\"ReadAction\",\"target\":[\"https:\\\/\\\/www.travianet.de\\\/inside-travianet\\\/zum-welttourismustag-bei-travianet-bin-ich-mittendrin\\\/\"]}]},{\"@type\":\"ImageObject\",\"inLanguage\":\"pl-PL\",\"@id\":\"https:\\\/\\\/www.travianet.de\\\/inside-travianet\\\/zum-welttourismustag-bei-travianet-bin-ich-mittendrin\\\/#primaryimage\",\"url\":\"https:\\\/\\\/www.travianet.de\\\/wp-content\\\/uploads\\\/2019\\\/10\\\/welttourismustag.jpg\",\"contentUrl\":\"https:\\\/\\\/www.travianet.de\\\/wp-content\\\/uploads\\\/2019\\\/10\\\/welttourismustag.jpg\",\"width\":1200,\"height\":650,\"caption\":\"travianet feiert den Welttourismustag\"},{\"@type\":\"BreadcrumbList\",\"@id\":\"https:\\\/\\\/www.travianet.de\\\/inside-travianet\\\/zum-welttourismustag-bei-travianet-bin-ich-mittendrin\\\/#breadcrumb\",\"itemListElement\":[{\"@type\":\"ListItem\",\"position\":1,\"name\":\"Startseite\",\"item\":\"https:\\\/\\\/www.travianet.de\\\/pl\\\/\"},{\"@type\":\"ListItem\",\"position\":2,\"name\":\"Zum Welttourismustag: Bei travianet bin ich mittendrin\"}]},{\"@type\":\"WebSite\",\"@id\":\"https:\\\/\\\/www.travianet.de\\\/#website\",\"url\":\"https:\\\/\\\/www.travianet.de\\\/\",\"name\":\"travianet\",\"description\":\"Die Nummer Eins wenn es um Reisepartnerprogramme geht\",\"publisher\":{\"@id\":\"https:\\\/\\\/www.travianet.de\\\/#organization\"},\"potentialAction\":[{\"@type\":\"SearchAction\",\"target\":{\"@type\":\"EntryPoint\",\"urlTemplate\":\"https:\\\/\\\/www.travianet.de\\\/?s={search_term_string}\"},\"query-input\":{\"@type\":\"PropertyValueSpecification\",\"valueRequired\":true,\"valueName\":\"search_term_string\"}}],\"inLanguage\":\"pl-PL\"},{\"@type\":\"Organization\",\"@id\":\"https:\\\/\\\/www.travianet.de\\\/#organization\",\"name\":\"travianet GmbH\",\"url\":\"https:\\\/\\\/www.travianet.de\\\/\",\"logo\":{\"@type\":\"ImageObject\",\"inLanguage\":\"pl-PL\",\"@id\":\"https:\\\/\\\/www.travianet.de\\\/#\\\/schema\\\/logo\\\/image\\\/\",\"url\":\"https:\\\/\\\/www.travianet.de\\\/wp-content\\\/uploads\\\/2017\\\/06\\\/travianetLogo.png\",\"contentUrl\":\"https:\\\/\\\/www.travianet.de\\\/wp-content\\\/uploads\\\/2017\\\/06\\\/travianetLogo.png\",\"width\":426,\"height\":80,\"caption\":\"travianet GmbH\"},\"image\":{\"@id\":\"https:\\\/\\\/www.travianet.de\\\/#\\\/schema\\\/logo\\\/image\\\/\"},\"sameAs\":[\"https:\\\/\\\/x.com\\\/travianet\",\"https:\\\/\\\/www.linkedin.com\\\/company-beta\\\/1138881\\\/\"]},{\"@type\":\"Person\",\"@id\":\"https:\\\/\\\/www.travianet.de\\\/#\\\/schema\\\/person\\\/9e1ffeb8ecf680b4f3a190d98ddf1bf5\",\"name\":\"travianet\",\"sameAs\":[\"https:\\\/\\\/www.travianet.de\"]}]}<\/script>\n<!-- \/ Yoast SEO plugin. -->","yoast_head_json":{"title":"Zum Welttourismustag: Bei travianet bin ich mittendrin - travianet","description":"Welttourismustag bei travianet: Ein alter Hase im Gesch\u00e4ft berichtet \u00fcber die Arbeit in der Branche und speziell bei travianet | Inside travianet","robots":{"index":"index","follow":"follow","max-snippet":"max-snippet:-1","max-image-preview":"max-image-preview:large","max-video-preview":"max-video-preview:-1"},"canonical":"https:\/\/www.travianet.de\/inside-travianet\/zum-welttourismustag-bei-travianet-bin-ich-mittendrin\/","og_locale":"pl_PL","og_type":"article","og_title":"Zum Welttourismustag: Bei travianet bin ich mittendrin - travianet","og_description":"Welttourismustag bei travianet: Ein alter Hase im Gesch\u00e4ft berichtet \u00fcber die Arbeit in der Branche und speziell bei travianet | Inside travianet","og_url":"https:\/\/www.travianet.de\/inside-travianet\/zum-welttourismustag-bei-travianet-bin-ich-mittendrin\/","og_site_name":"travianet","article_published_time":"2019-10-01T12:07:18+00:00","article_modified_time":"2020-05-26T08:40:54+00:00","og_image":[{"width":1200,"height":650,"url":"https:\/\/www.travianet.de\/wp-content\/uploads\/2019\/10\/welttourismustag.jpg","type":"image\/jpeg"}],"author":"travianet","twitter_card":"summary_large_image","twitter_creator":"@travianet","twitter_site":"@travianet","twitter_misc":{"Napisane przez":"travianet","Szacowany czas czytania":"3 minuty"},"schema":{"@context":"https:\/\/schema.org","@graph":[{"@type":"Article","@id":"https:\/\/www.travianet.de\/inside-travianet\/zum-welttourismustag-bei-travianet-bin-ich-mittendrin\/#article","isPartOf":{"@id":"https:\/\/www.travianet.de\/inside-travianet\/zum-welttourismustag-bei-travianet-bin-ich-mittendrin\/"},"author":{"name":"travianet","@id":"https:\/\/www.travianet.de\/#\/schema\/person\/9e1ffeb8ecf680b4f3a190d98ddf1bf5"},"headline":"Zum Welttourismustag: Bei travianet bin ich mittendrin","datePublished":"2019-10-01T12:07:18+00:00","dateModified":"2020-05-26T08:40:54+00:00","mainEntityOfPage":{"@id":"https:\/\/www.travianet.de\/inside-travianet\/zum-welttourismustag-bei-travianet-bin-ich-mittendrin\/"},"wordCount":525,"commentCount":0,"publisher":{"@id":"https:\/\/www.travianet.de\/#organization"},"image":{"@id":"https:\/\/www.travianet.de\/inside-travianet\/zum-welttourismustag-bei-travianet-bin-ich-mittendrin\/#primaryimage"},"thumbnailUrl":"https:\/\/www.travianet.de\/wp-content\/uploads\/2019\/10\/welttourismustag.jpg","keywords":["Arbeiten bei travianet","Reisetipps","Reiseziele","travianet","Urlaub","Welttourismustag"],"articleSection":["Inside travianet"],"inLanguage":"pl-PL","potentialAction":[{"@type":"CommentAction","name":"Comment","target":["https:\/\/www.travianet.de\/inside-travianet\/zum-welttourismustag-bei-travianet-bin-ich-mittendrin\/#respond"]}]},{"@type":"WebPage","@id":"https:\/\/www.travianet.de\/inside-travianet\/zum-welttourismustag-bei-travianet-bin-ich-mittendrin\/","url":"https:\/\/www.travianet.de\/inside-travianet\/zum-welttourismustag-bei-travianet-bin-ich-mittendrin\/","name":"Zum Welttourismustag: Bei travianet bin ich mittendrin - travianet","isPartOf":{"@id":"https:\/\/www.travianet.de\/#website"},"primaryImageOfPage":{"@id":"https:\/\/www.travianet.de\/inside-travianet\/zum-welttourismustag-bei-travianet-bin-ich-mittendrin\/#primaryimage"},"image":{"@id":"https:\/\/www.travianet.de\/inside-travianet\/zum-welttourismustag-bei-travianet-bin-ich-mittendrin\/#primaryimage"},"thumbnailUrl":"https:\/\/www.travianet.de\/wp-content\/uploads\/2019\/10\/welttourismustag.jpg","datePublished":"2019-10-01T12:07:18+00:00","dateModified":"2020-05-26T08:40:54+00:00","description":"Welttourismustag bei travianet: Ein alter Hase im Gesch\u00e4ft berichtet \u00fcber die Arbeit in der Branche und speziell bei travianet | Inside travianet","breadcrumb":{"@id":"https:\/\/www.travianet.de\/inside-travianet\/zum-welttourismustag-bei-travianet-bin-ich-mittendrin\/#breadcrumb"},"inLanguage":"pl-PL","potentialAction":[{"@type":"ReadAction","target":["https:\/\/www.travianet.de\/inside-travianet\/zum-welttourismustag-bei-travianet-bin-ich-mittendrin\/"]}]},{"@type":"ImageObject","inLanguage":"pl-PL","@id":"https:\/\/www.travianet.de\/inside-travianet\/zum-welttourismustag-bei-travianet-bin-ich-mittendrin\/#primaryimage","url":"https:\/\/www.travianet.de\/wp-content\/uploads\/2019\/10\/welttourismustag.jpg","contentUrl":"https:\/\/www.travianet.de\/wp-content\/uploads\/2019\/10\/welttourismustag.jpg","width":1200,"height":650,"caption":"travianet feiert den Welttourismustag"},{"@type":"BreadcrumbList","@id":"https:\/\/www.travianet.de\/inside-travianet\/zum-welttourismustag-bei-travianet-bin-ich-mittendrin\/#breadcrumb","itemListElement":[{"@type":"ListItem","position":1,"name":"Startseite","item":"https:\/\/www.travianet.de\/pl\/"},{"@type":"ListItem","position":2,"name":"Zum Welttourismustag: Bei travianet bin ich mittendrin"}]},{"@type":"WebSite","@id":"https:\/\/www.travianet.de\/#website","url":"https:\/\/www.travianet.de\/","name":"travianet","description":"Die Nummer Eins wenn es um Reisepartnerprogramme geht","publisher":{"@id":"https:\/\/www.travianet.de\/#organization"},"potentialAction":[{"@type":"SearchAction","target":{"@type":"EntryPoint","urlTemplate":"https:\/\/www.travianet.de\/?s={search_term_string}"},"query-input":{"@type":"PropertyValueSpecification","valueRequired":true,"valueName":"search_term_string"}}],"inLanguage":"pl-PL"},{"@type":"Organization","@id":"https:\/\/www.travianet.de\/#organization","name":"travianet GmbH","url":"https:\/\/www.travianet.de\/","logo":{"@type":"ImageObject","inLanguage":"pl-PL","@id":"https:\/\/www.travianet.de\/#\/schema\/logo\/image\/","url":"https:\/\/www.travianet.de\/wp-content\/uploads\/2017\/06\/travianetLogo.png","contentUrl":"https:\/\/www.travianet.de\/wp-content\/uploads\/2017\/06\/travianetLogo.png","width":426,"height":80,"caption":"travianet GmbH"},"image":{"@id":"https:\/\/www.travianet.de\/#\/schema\/logo\/image\/"},"sameAs":["https:\/\/x.com\/travianet","https:\/\/www.linkedin.com\/company-beta\/1138881\/"]},{"@type":"Person","@id":"https:\/\/www.travianet.de\/#\/schema\/person\/9e1ffeb8ecf680b4f3a190d98ddf1bf5","name":"travianet","sameAs":["https:\/\/www.travianet.de"]}]}},"_links":{"self":[{"href":"https:\/\/www.travianet.de\/pl\/wp-json\/wp\/v2\/posts\/35794","targetHints":{"allow":["GET"]}}],"collection":[{"href":"https:\/\/www.travianet.de\/pl\/wp-json\/wp\/v2\/posts"}],"about":[{"href":"https:\/\/www.travianet.de\/pl\/wp-json\/wp\/v2\/types\/post"}],"author":[{"embeddable":true,"href":"https:\/\/www.travianet.de\/pl\/wp-json\/wp\/v2\/users\/4"}],"replies":[{"embeddable":true,"href":"https:\/\/www.travianet.de\/pl\/wp-json\/wp\/v2\/comments?post=35794"}],"version-history":[{"count":5,"href":"https:\/\/www.travianet.de\/pl\/wp-json\/wp\/v2\/posts\/35794\/revisions"}],"predecessor-version":[{"id":35808,"href":"https:\/\/www.travianet.de\/pl\/wp-json\/wp\/v2\/posts\/35794\/revisions\/35808"}],"wp:featuredmedia":[{"embeddable":true,"href":"https:\/\/www.travianet.de\/pl\/wp-json\/wp\/v2\/media\/35797"}],"wp:attachment":[{"href":"https:\/\/www.travianet.de\/pl\/wp-json\/wp\/v2\/media?parent=35794"}],"wp:term":[{"taxonomy":"category","embeddable":true,"href":"https:\/\/www.travianet.de\/pl\/wp-json\/wp\/v2\/categories?post=35794"},{"taxonomy":"post_tag","embeddable":true,"href":"https:\/\/www.travianet.de\/pl\/wp-json\/wp\/v2\/tags?post=35794"}],"curies":[{"name":"wp","href":"https:\/\/api.w.org\/{rel}","templated":true}]}}