{"id":32774,"date":"2018-04-10T12:40:57","date_gmt":"2018-04-10T10:40:57","guid":{"rendered":"https:\/\/www.travianet.de\/?p=32774"},"modified":"2018-04-10T12:40:57","modified_gmt":"2018-04-10T10:40:57","slug":"condor-kuendigt-endgueltig-kooperation-mit-lauda-auf","status":"publish","type":"post","link":"https:\/\/www.travianet.de\/pl\/branchennews\/condor-kuendigt-endgueltig-kooperation-mit-lauda-auf\/","title":{"rendered":"Condor k\u00fcndigt endg\u00fcltig Kooperation mit Lauda auf"},"content":{"rendered":"<div style=\"text-align:justify\">\n<p>Es hatte sich bereits abgezeichnet, nun ist es Realit\u00e4t geworden: Thomas Cook-Tochter Condor k\u00fcndigt die Vertiebskooperation mit Laudamotion zum 30. April auf. Der Einstieg von Condor-Konkurrent Ryanair wird in Branchenkreisen als Grund angesehen. Offiziell best\u00e4tigt wurde dies aber nat\u00fcrlich nicht. F\u00fcr diverse Veranstalter und Pauschalreisende k\u00f6nnte dieser Schritt indes Unannehmlichkeiten bedeuten.<\/p>\n<p>Bereits vergangene Woche hie\u00df es, dass es <a href=\"\/aerger-zwischen-thomas-cook-und-lauda\/\" title=\"\u00c4rger zwischen Thomas Cook und Niki Lauda\"> \u00c4rger zwischen Thomas Cook und Niki Lauda<\/a> gibt. Seitens Thomas Cook verlautete es, dass man Laudamotion-Fl\u00fcge sperren wolle und nach Alternativen f\u00fcr die Passagiere suchen werde. Begr\u00fcndet wurde dieser Schritt mit einem Zweifel an der personellen Leistungsf\u00e4higkeit von Niki Laudas Airline. Man wolle aber &#8222;die Bef\u00f6rderung der G\u00e4ste jederzeit gew\u00e4hrleisten zu k\u00f6nnen\u201c, hie\u00df es.<\/p>\n<h2>Condor k\u00fcndigt Partnerschaft zum 30. April<\/h2>\n<p>Nun k\u00fcndigt Condor die komplette Vertriebskooperation mit Laudamotion. Nur noch bis 30. April soll die Partnerschaft mit Niki Lauda gehen, danach ist Schluss. \u201eIm Interesse unserer Kunden werden wir die Vertriebskooperation noch bis zum Ende des Monats fortsetzen\u201c, sagt Christoph Debus, Chief Airline Officer der Thomas Cook Group f\u00fcr Condor. Kunden von Condor und Thomas Cook, die bereits einen sp\u00e4teren Laudamotion-Flug gebucht haben, werden in den kommenden Tagen direkt kontaktiert. &#8222;Um das weitere Vorgehen zu besprechen&#8221;, wie es hei\u00dft.<\/p>\n<h2>Veranstalter m\u00fcssen Pauschalreisen umbuchen<\/h2>\n<p>Problematisch gestaltet sich das Ende der Partnerschaft auf f\u00fcr diverse andere Veranstalter und deren Kunden. So m\u00fcssen zum Beispiel Schauinsland und DER-Touristik f\u00fcr Pauschalreisende Fl\u00fcge umbuchen, neue Transfers organisieren und im schlimmsten Fall auch neue Hotelbuchungen vornehmen. Nicht jedem Kunden d\u00fcrfte dies gelegen kommen. Betroffen sind vor allem Reisende von den Flugh\u00e4fen Frankfurt, K\u00f6ln, Stuttgart, D\u00fcsseldorf, Z\u00fcrich, Basel und Wien.<\/p>\n<p>Condor hatte von der Laudamotion ingesamt 5 Maschinen als Vollcharter \u00fcbernommen. Anfang M\u00e4rz hie\u00df es sogar noch, man wolle auf acht Flieger erh\u00f6hen. Doch dann kam der \u00fcberraschende Einstieg der Ryanair bei Laudamotion. Dadurch werden die Iren nat\u00fcrlich zum gro\u00dfen Konkurrenten des Ferienfliegers auf dem deutschen Markt. Dass die Cook-Tochter deshalb Konsequenzen zieht, \u00fcberrascht nicht wirklich.<\/p>\n<\/div>\n","protected":false},"excerpt":{"rendered":"<p>Es hatte sich bereits abgezeichnet, nun ist es Realit\u00e4t geworden: Thomas Cook-Tochter Condor k\u00fcndigt die Vertiebskooperation mit Laudamotion zum 30. April auf. Der Einstieg von Condor-Konkurrent Ryanair wird in Branchenkreisen als Grund angesehen. Offiziell best\u00e4tigt wurde dies aber nat\u00fcrlich nicht. F\u00fcr diverse Veranstalter und Pauschalreisende k\u00f6nnte dieser Schritt indes Unannehmlichkeiten bedeuten. Bereits vergangene Woche hie\u00df [&hellip;]<\/p>\n","protected":false},"author":4,"featured_media":0,"comment_status":"open","ping_status":"open","sticky":false,"template":"","format":"standard","meta":{"_et_pb_use_builder":"","_et_pb_old_content":"","_et_gb_content_width":"","footnotes":""},"categories":[73],"tags":[127,103,128],"class_list":["post-32774","post","type-post","status-publish","format-standard","hentry","category-branchennews","tag-condor","tag-niki","tag-thomas-cook"],"yoast_head":"<!-- This site is optimized with the Yoast SEO plugin v27.5 - https:\/\/yoast.com\/product\/yoast-seo-wordpress\/ -->\n<title>Condor k\u00fcndigt endg\u00fcltig Kooperation mit Lauda auf - travianet<\/title>\n<meta name=\"description\" content=\"Condor arbeitet nur noch bis 30. April mit Niki Lauda zusammen - Sp\u00e4tere Abfl\u00fcge werden vermutlich umgebucht - Auch diverse Veranstalter und Pauschalreisende betroffen - Mehr in den travianet News - Ihr Partner, wenn es um Reisen geht\" \/>\n<meta name=\"robots\" content=\"index, follow, max-snippet:-1, max-image-preview:large, max-video-preview:-1\" \/>\n<link rel=\"canonical\" href=\"https:\/\/www.travianet.de\/branchennews\/condor-kuendigt-endgueltig-kooperation-mit-lauda-auf\/\" \/>\n<meta property=\"og:locale\" content=\"pl_PL\" \/>\n<meta property=\"og:type\" content=\"article\" \/>\n<meta property=\"og:title\" content=\"Condor k\u00fcndigt endg\u00fcltig Kooperation mit Lauda auf - travianet\" \/>\n<meta property=\"og:description\" content=\"Condor arbeitet nur noch bis 30. April mit Niki Lauda zusammen - Sp\u00e4tere Abfl\u00fcge werden vermutlich umgebucht - Auch diverse Veranstalter und Pauschalreisende betroffen - Mehr in den travianet News - Ihr Partner, wenn es um Reisen geht\" \/>\n<meta property=\"og:url\" content=\"https:\/\/www.travianet.de\/branchennews\/condor-kuendigt-endgueltig-kooperation-mit-lauda-auf\/\" \/>\n<meta property=\"og:site_name\" content=\"travianet\" \/>\n<meta property=\"article:published_time\" content=\"2018-04-10T10:40:57+00:00\" \/>\n<meta name=\"author\" content=\"travianet\" \/>\n<meta name=\"twitter:card\" content=\"summary_large_image\" \/>\n<meta name=\"twitter:creator\" content=\"@travianet\" \/>\n<meta name=\"twitter:site\" content=\"@travianet\" \/>\n<meta name=\"twitter:label1\" content=\"Napisane przez\" \/>\n\t<meta name=\"twitter:data1\" content=\"travianet\" \/>\n\t<meta name=\"twitter:label2\" content=\"Szacowany czas czytania\" \/>\n\t<meta name=\"twitter:data2\" content=\"2 minuty\" \/>\n<script type=\"application\/ld+json\" class=\"yoast-schema-graph\">{\"@context\":\"https:\\\/\\\/schema.org\",\"@graph\":[{\"@type\":\"Article\",\"@id\":\"https:\\\/\\\/www.travianet.de\\\/branchennews\\\/condor-kuendigt-endgueltig-kooperation-mit-lauda-auf\\\/#article\",\"isPartOf\":{\"@id\":\"https:\\\/\\\/www.travianet.de\\\/branchennews\\\/condor-kuendigt-endgueltig-kooperation-mit-lauda-auf\\\/\"},\"author\":{\"name\":\"travianet\",\"@id\":\"https:\\\/\\\/www.travianet.de\\\/#\\\/schema\\\/person\\\/9e1ffeb8ecf680b4f3a190d98ddf1bf5\"},\"headline\":\"Condor k\u00fcndigt endg\u00fcltig Kooperation mit Lauda auf\",\"datePublished\":\"2018-04-10T10:40:57+00:00\",\"mainEntityOfPage\":{\"@id\":\"https:\\\/\\\/www.travianet.de\\\/branchennews\\\/condor-kuendigt-endgueltig-kooperation-mit-lauda-auf\\\/\"},\"wordCount\":355,\"commentCount\":0,\"publisher\":{\"@id\":\"https:\\\/\\\/www.travianet.de\\\/#organization\"},\"keywords\":[\"Condor\",\"Niki\",\"Thomas Cook\"],\"articleSection\":[\"Branchennews\"],\"inLanguage\":\"pl-PL\",\"potentialAction\":[{\"@type\":\"CommentAction\",\"name\":\"Comment\",\"target\":[\"https:\\\/\\\/www.travianet.de\\\/branchennews\\\/condor-kuendigt-endgueltig-kooperation-mit-lauda-auf\\\/#respond\"]}]},{\"@type\":\"WebPage\",\"@id\":\"https:\\\/\\\/www.travianet.de\\\/branchennews\\\/condor-kuendigt-endgueltig-kooperation-mit-lauda-auf\\\/\",\"url\":\"https:\\\/\\\/www.travianet.de\\\/branchennews\\\/condor-kuendigt-endgueltig-kooperation-mit-lauda-auf\\\/\",\"name\":\"Condor k\u00fcndigt endg\u00fcltig Kooperation mit Lauda auf - travianet\",\"isPartOf\":{\"@id\":\"https:\\\/\\\/www.travianet.de\\\/#website\"},\"datePublished\":\"2018-04-10T10:40:57+00:00\",\"description\":\"Condor arbeitet nur noch bis 30. April mit Niki Lauda zusammen - Sp\u00e4tere Abfl\u00fcge werden vermutlich umgebucht - Auch diverse Veranstalter und Pauschalreisende betroffen - Mehr in den travianet News - Ihr Partner, wenn es um Reisen geht\",\"breadcrumb\":{\"@id\":\"https:\\\/\\\/www.travianet.de\\\/branchennews\\\/condor-kuendigt-endgueltig-kooperation-mit-lauda-auf\\\/#breadcrumb\"},\"inLanguage\":\"pl-PL\",\"potentialAction\":[{\"@type\":\"ReadAction\",\"target\":[\"https:\\\/\\\/www.travianet.de\\\/branchennews\\\/condor-kuendigt-endgueltig-kooperation-mit-lauda-auf\\\/\"]}]},{\"@type\":\"BreadcrumbList\",\"@id\":\"https:\\\/\\\/www.travianet.de\\\/branchennews\\\/condor-kuendigt-endgueltig-kooperation-mit-lauda-auf\\\/#breadcrumb\",\"itemListElement\":[{\"@type\":\"ListItem\",\"position\":1,\"name\":\"Startseite\",\"item\":\"https:\\\/\\\/www.travianet.de\\\/pl\\\/\"},{\"@type\":\"ListItem\",\"position\":2,\"name\":\"Condor k\u00fcndigt endg\u00fcltig Kooperation mit Lauda auf\"}]},{\"@type\":\"WebSite\",\"@id\":\"https:\\\/\\\/www.travianet.de\\\/#website\",\"url\":\"https:\\\/\\\/www.travianet.de\\\/\",\"name\":\"travianet\",\"description\":\"Die Nummer Eins wenn es um Reisepartnerprogramme geht\",\"publisher\":{\"@id\":\"https:\\\/\\\/www.travianet.de\\\/#organization\"},\"potentialAction\":[{\"@type\":\"SearchAction\",\"target\":{\"@type\":\"EntryPoint\",\"urlTemplate\":\"https:\\\/\\\/www.travianet.de\\\/?s={search_term_string}\"},\"query-input\":{\"@type\":\"PropertyValueSpecification\",\"valueRequired\":true,\"valueName\":\"search_term_string\"}}],\"inLanguage\":\"pl-PL\"},{\"@type\":\"Organization\",\"@id\":\"https:\\\/\\\/www.travianet.de\\\/#organization\",\"name\":\"travianet GmbH\",\"url\":\"https:\\\/\\\/www.travianet.de\\\/\",\"logo\":{\"@type\":\"ImageObject\",\"inLanguage\":\"pl-PL\",\"@id\":\"https:\\\/\\\/www.travianet.de\\\/#\\\/schema\\\/logo\\\/image\\\/\",\"url\":\"https:\\\/\\\/www.travianet.de\\\/wp-content\\\/uploads\\\/2017\\\/06\\\/travianetLogo.png\",\"contentUrl\":\"https:\\\/\\\/www.travianet.de\\\/wp-content\\\/uploads\\\/2017\\\/06\\\/travianetLogo.png\",\"width\":426,\"height\":80,\"caption\":\"travianet GmbH\"},\"image\":{\"@id\":\"https:\\\/\\\/www.travianet.de\\\/#\\\/schema\\\/logo\\\/image\\\/\"},\"sameAs\":[\"https:\\\/\\\/x.com\\\/travianet\",\"https:\\\/\\\/www.linkedin.com\\\/company-beta\\\/1138881\\\/\"]},{\"@type\":\"Person\",\"@id\":\"https:\\\/\\\/www.travianet.de\\\/#\\\/schema\\\/person\\\/9e1ffeb8ecf680b4f3a190d98ddf1bf5\",\"name\":\"travianet\",\"sameAs\":[\"https:\\\/\\\/www.travianet.de\"]}]}<\/script>\n<!-- \/ Yoast SEO plugin. -->","yoast_head_json":{"title":"Condor k\u00fcndigt endg\u00fcltig Kooperation mit Lauda auf - travianet","description":"Condor arbeitet nur noch bis 30. April mit Niki Lauda zusammen - Sp\u00e4tere Abfl\u00fcge werden vermutlich umgebucht - Auch diverse Veranstalter und Pauschalreisende betroffen - Mehr in den travianet News - Ihr Partner, wenn es um Reisen geht","robots":{"index":"index","follow":"follow","max-snippet":"max-snippet:-1","max-image-preview":"max-image-preview:large","max-video-preview":"max-video-preview:-1"},"canonical":"https:\/\/www.travianet.de\/branchennews\/condor-kuendigt-endgueltig-kooperation-mit-lauda-auf\/","og_locale":"pl_PL","og_type":"article","og_title":"Condor k\u00fcndigt endg\u00fcltig Kooperation mit Lauda auf - travianet","og_description":"Condor arbeitet nur noch bis 30. April mit Niki Lauda zusammen - Sp\u00e4tere Abfl\u00fcge werden vermutlich umgebucht - Auch diverse Veranstalter und Pauschalreisende betroffen - Mehr in den travianet News - Ihr Partner, wenn es um Reisen geht","og_url":"https:\/\/www.travianet.de\/branchennews\/condor-kuendigt-endgueltig-kooperation-mit-lauda-auf\/","og_site_name":"travianet","article_published_time":"2018-04-10T10:40:57+00:00","author":"travianet","twitter_card":"summary_large_image","twitter_creator":"@travianet","twitter_site":"@travianet","twitter_misc":{"Napisane przez":"travianet","Szacowany czas czytania":"2 minuty"},"schema":{"@context":"https:\/\/schema.org","@graph":[{"@type":"Article","@id":"https:\/\/www.travianet.de\/branchennews\/condor-kuendigt-endgueltig-kooperation-mit-lauda-auf\/#article","isPartOf":{"@id":"https:\/\/www.travianet.de\/branchennews\/condor-kuendigt-endgueltig-kooperation-mit-lauda-auf\/"},"author":{"name":"travianet","@id":"https:\/\/www.travianet.de\/#\/schema\/person\/9e1ffeb8ecf680b4f3a190d98ddf1bf5"},"headline":"Condor k\u00fcndigt endg\u00fcltig Kooperation mit Lauda auf","datePublished":"2018-04-10T10:40:57+00:00","mainEntityOfPage":{"@id":"https:\/\/www.travianet.de\/branchennews\/condor-kuendigt-endgueltig-kooperation-mit-lauda-auf\/"},"wordCount":355,"commentCount":0,"publisher":{"@id":"https:\/\/www.travianet.de\/#organization"},"keywords":["Condor","Niki","Thomas Cook"],"articleSection":["Branchennews"],"inLanguage":"pl-PL","potentialAction":[{"@type":"CommentAction","name":"Comment","target":["https:\/\/www.travianet.de\/branchennews\/condor-kuendigt-endgueltig-kooperation-mit-lauda-auf\/#respond"]}]},{"@type":"WebPage","@id":"https:\/\/www.travianet.de\/branchennews\/condor-kuendigt-endgueltig-kooperation-mit-lauda-auf\/","url":"https:\/\/www.travianet.de\/branchennews\/condor-kuendigt-endgueltig-kooperation-mit-lauda-auf\/","name":"Condor k\u00fcndigt endg\u00fcltig Kooperation mit Lauda auf - travianet","isPartOf":{"@id":"https:\/\/www.travianet.de\/#website"},"datePublished":"2018-04-10T10:40:57+00:00","description":"Condor arbeitet nur noch bis 30. April mit Niki Lauda zusammen - Sp\u00e4tere Abfl\u00fcge werden vermutlich umgebucht - Auch diverse Veranstalter und Pauschalreisende betroffen - Mehr in den travianet News - Ihr Partner, wenn es um Reisen geht","breadcrumb":{"@id":"https:\/\/www.travianet.de\/branchennews\/condor-kuendigt-endgueltig-kooperation-mit-lauda-auf\/#breadcrumb"},"inLanguage":"pl-PL","potentialAction":[{"@type":"ReadAction","target":["https:\/\/www.travianet.de\/branchennews\/condor-kuendigt-endgueltig-kooperation-mit-lauda-auf\/"]}]},{"@type":"BreadcrumbList","@id":"https:\/\/www.travianet.de\/branchennews\/condor-kuendigt-endgueltig-kooperation-mit-lauda-auf\/#breadcrumb","itemListElement":[{"@type":"ListItem","position":1,"name":"Startseite","item":"https:\/\/www.travianet.de\/pl\/"},{"@type":"ListItem","position":2,"name":"Condor k\u00fcndigt endg\u00fcltig Kooperation mit Lauda auf"}]},{"@type":"WebSite","@id":"https:\/\/www.travianet.de\/#website","url":"https:\/\/www.travianet.de\/","name":"travianet","description":"Die Nummer Eins wenn es um Reisepartnerprogramme geht","publisher":{"@id":"https:\/\/www.travianet.de\/#organization"},"potentialAction":[{"@type":"SearchAction","target":{"@type":"EntryPoint","urlTemplate":"https:\/\/www.travianet.de\/?s={search_term_string}"},"query-input":{"@type":"PropertyValueSpecification","valueRequired":true,"valueName":"search_term_string"}}],"inLanguage":"pl-PL"},{"@type":"Organization","@id":"https:\/\/www.travianet.de\/#organization","name":"travianet GmbH","url":"https:\/\/www.travianet.de\/","logo":{"@type":"ImageObject","inLanguage":"pl-PL","@id":"https:\/\/www.travianet.de\/#\/schema\/logo\/image\/","url":"https:\/\/www.travianet.de\/wp-content\/uploads\/2017\/06\/travianetLogo.png","contentUrl":"https:\/\/www.travianet.de\/wp-content\/uploads\/2017\/06\/travianetLogo.png","width":426,"height":80,"caption":"travianet GmbH"},"image":{"@id":"https:\/\/www.travianet.de\/#\/schema\/logo\/image\/"},"sameAs":["https:\/\/x.com\/travianet","https:\/\/www.linkedin.com\/company-beta\/1138881\/"]},{"@type":"Person","@id":"https:\/\/www.travianet.de\/#\/schema\/person\/9e1ffeb8ecf680b4f3a190d98ddf1bf5","name":"travianet","sameAs":["https:\/\/www.travianet.de"]}]}},"_links":{"self":[{"href":"https:\/\/www.travianet.de\/pl\/wp-json\/wp\/v2\/posts\/32774","targetHints":{"allow":["GET"]}}],"collection":[{"href":"https:\/\/www.travianet.de\/pl\/wp-json\/wp\/v2\/posts"}],"about":[{"href":"https:\/\/www.travianet.de\/pl\/wp-json\/wp\/v2\/types\/post"}],"author":[{"embeddable":true,"href":"https:\/\/www.travianet.de\/pl\/wp-json\/wp\/v2\/users\/4"}],"replies":[{"embeddable":true,"href":"https:\/\/www.travianet.de\/pl\/wp-json\/wp\/v2\/comments?post=32774"}],"version-history":[{"count":4,"href":"https:\/\/www.travianet.de\/pl\/wp-json\/wp\/v2\/posts\/32774\/revisions"}],"predecessor-version":[{"id":32778,"href":"https:\/\/www.travianet.de\/pl\/wp-json\/wp\/v2\/posts\/32774\/revisions\/32778"}],"wp:attachment":[{"href":"https:\/\/www.travianet.de\/pl\/wp-json\/wp\/v2\/media?parent=32774"}],"wp:term":[{"taxonomy":"category","embeddable":true,"href":"https:\/\/www.travianet.de\/pl\/wp-json\/wp\/v2\/categories?post=32774"},{"taxonomy":"post_tag","embeddable":true,"href":"https:\/\/www.travianet.de\/pl\/wp-json\/wp\/v2\/tags?post=32774"}],"curies":[{"name":"wp","href":"https:\/\/api.w.org\/{rel}","templated":true}]}}