{"id":31073,"date":"2017-05-25T17:59:21","date_gmt":"2017-05-25T15:59:21","guid":{"rendered":"http:\/\/www.travianet.de\/?p=31073\/"},"modified":"2017-08-30T11:29:13","modified_gmt":"2017-08-30T09:29:13","slug":"weniger-blaue-flaggen-wehen-auf-mallorca","status":"publish","type":"post","link":"https:\/\/www.travianet.de\/pl\/reiseziele\/weniger-blaue-flaggen-wehen-auf-mallorca\/","title":{"rendered":"Weniger Blaue Flaggen wehen auf Mallorca"},"content":{"rendered":"<p>[et_pb_section bb_built=&#8221;1&#8243; admin_label=&#8221;section&#8221;][et_pb_row admin_label=&#8221;row&#8221; background_position=&#8221;top_left&#8221; background_repeat=&#8221;repeat&#8221; background_size=&#8221;initial&#8221;][et_pb_column type=&#8221;4_4&#8243;][et_pb_text background_position=&#8221;top_left&#8221; background_repeat=&#8221;repeat&#8221; background_size=&#8221;initial&#8221; _builder_version=&#8221;3.0.66&#8243; background_layout=&#8221;light&#8221; text_orientation=&#8221;left&#8221; border_style=&#8221;solid&#8221;]<\/p>\n<p>Mallorca l\u00e4sst nach bei Wasserqualit\u00e4t und Umweltmanagement. In diesem Jahr haben nur noch 32 Str\u00e4nde die <strong>Blaue Flagge<\/strong> bekommen, das sind 3 weniger als im Vorjahr. Das G\u00fctezeichen von der Stiftung f\u00fcr Umwelterziehung wird jedes Jahr an Str\u00e4nde in mehr als 40 L\u00e4ndern in Europa, S\u00fcdafrika, Neuseeland, Kanada und der Karibik vergeben.<\/p>\n<p>Wie mallorquinische Medien berichten, m\u00fcssen vier &nbsp;Str\u00e4nde in Calvia, zwei bei Cala Ratjada und ein Strand in Pollenca die Blaue Flagge einholen. Dagegen haben Illetes und Cala Comtessa (Calvia), Can Pere Antoni in Palma und Son Serra de Marina (Santa Margalida) ihre Hausaufgaben gemacht: sie d\u00fcrfen die Blaue Flagge wieder hissen.<\/p>\n<p>Insgesamt hat Spanien eine der gr\u00f6\u00dften Dichten an Blauen Flaggen weltweit. Eine Liste aller ausgezeichneten Str\u00e4nde <a href=\"http:\/\/www.adeac.es\/sites\/default\/files\/archivos\/RP_BA_2017\/E_0RELACION_DE_PLAYAS_GALARDONADAS_BA_2017.pdf\" target=\"_blank\" rel=\"noopener noreferrer\">finden sie hier<\/a>.<\/p>\n<p>[\/et_pb_text][\/et_pb_column][\/et_pb_row][et_pb_row _builder_version=&#8221;3.0.47&#8243; background_size=&#8221;initial&#8221; background_position=&#8221;top_left&#8221; background_repeat=&#8221;repeat&#8221;][et_pb_column type=&#8221;4_4&#8243;][et_pb_divider color=&#8221;#cccccc&#8221; show_divider=&#8221;on&#8221; height=&#8221;20&#8243; divider_style=&#8221;dotted&#8221; divider_position=&#8221;top&#8221; _builder_version=&#8221;3.0.51&#8243; \/][et_pb_post_nav in_same_term=&#8221;off&#8221; _builder_version=&#8221;3.0.51&#8243; \/][\/et_pb_column][\/et_pb_row][\/et_pb_section]<\/p>\n","protected":false},"excerpt":{"rendered":"<p>Mallorca l\u00e4sst nach bei Wasserqualit\u00e4t und Umweltmanagement. In diesem Jahr haben nur noch 32 Str\u00e4nde die Blaue Flagge bekommen, das sind 3 weniger als im Vorjahr. Das G\u00fctezeichen von der Stiftung f\u00fcr Umwelterziehung wird jedes Jahr an Str\u00e4nde in mehr als 40 L\u00e4ndern in Europa, S\u00fcdafrika, Neuseeland, Kanada und der Karibik vergeben. Wie mallorquinische Medien [&hellip;]<\/p>\n","protected":false},"author":4,"featured_media":31074,"comment_status":"open","ping_status":"open","sticky":false,"template":"","format":"standard","meta":{"_et_pb_use_builder":"on","_et_pb_old_content":"<p>Mallorca l\u00e4sst nach bei Wasserqualit\u00e4t und Umweltmanagement. In diesem Jahr d\u00fcrfen sich nur noch 32 Str\u00e4nde mit der <strong>Blauen Flagge<\/strong> schm\u00fccken, das sind 3 weniger als im Vorjahr. Das G\u00fctezeichen von der Stiftung f\u00fcr Umwelterziehung wird jedes Jahr an Str\u00e4nde in mehr als 40 L\u00e4ndern in Europa, S\u00fcdafrika, Neuseeland, Kanada und der Karibik vergeben.<\/p>\r\n<p>Wie mallorquinische Medien berichten, m\u00fcssen vier \u00a0Str\u00e4nde in Calvia, zwei bei Cala Ratjada und ein Strand in Pollenca die Flagge einholen. Dagegen haben Illetes und Cala Comtessa (Calvia), Can Pere Antoni in Palma und Son Serra de Marina (Santa Margalida) ihre Hausaufgaben gemacht: sie d\u00fcrfen die blaue Flagge wieder hissen.<\/p>\r\n<p>Insgesamt hat Spanien eine der gr\u00f6\u00dften Dichten an Blauen Flaggen weltweit. Eine Liste aller ausgezeichneten Str\u00e4nde <a href=\"http:\/\/www.adeac.es\/sites\/default\/files\/archivos\/RP_BA_2017\/E_0RELACION_DE_PLAYAS_GALARDONADAS_BA_2017.pdf\" target=\"_blank\" rel=\"noopener noreferrer\">finden sie hier<\/a>.<\/p>","_et_gb_content_width":"","footnotes":""},"categories":[72],"tags":[50,46,45,48,49],"class_list":["post-31073","post","type-post","status-publish","format-standard","has-post-thumbnail","hentry","category-reiseziele","tag-baden","tag-blaue-flagge","tag-mallorca","tag-sauberkeit","tag-straende"],"yoast_head":"<!-- This site is optimized with the Yoast SEO plugin v27.5 - https:\/\/yoast.com\/product\/yoast-seo-wordpress\/ -->\n<title>Weniger Blaue Flaggen wehen auf Mallorca - travianet<\/title>\n<meta name=\"description\" content=\"Balearen-Insel l\u00e4sst im Umweltmanagement nach &#9733; Mallorca verliert 3 Mal die Blaue Flagge &#9733; Spanien weltweit mir gr\u00f6\u00dfrer Dichte\" \/>\n<meta name=\"robots\" content=\"index, follow, max-snippet:-1, max-image-preview:large, max-video-preview:-1\" \/>\n<link rel=\"canonical\" href=\"https:\/\/www.travianet.de\/pl\/reiseziele\/weniger-blaue-flaggen-wehen-auf-mallorca\/\" \/>\n<meta property=\"og:locale\" content=\"pl_PL\" \/>\n<meta property=\"og:type\" content=\"article\" \/>\n<meta property=\"og:title\" content=\"Weniger Blaue Flaggen wehen auf Mallorca - travianet\" \/>\n<meta property=\"og:description\" content=\"Balearen-Insel l\u00e4sst im Umweltmanagement nach &#9733; Mallorca verliert 3 Mal die Blaue Flagge &#9733; Spanien weltweit mir gr\u00f6\u00dfrer Dichte\" \/>\n<meta property=\"og:url\" content=\"https:\/\/www.travianet.de\/pl\/reiseziele\/weniger-blaue-flaggen-wehen-auf-mallorca\/\" \/>\n<meta property=\"og:site_name\" content=\"travianet\" \/>\n<meta property=\"article:published_time\" content=\"2017-05-25T15:59:21+00:00\" \/>\n<meta property=\"article:modified_time\" content=\"2017-08-30T09:29:13+00:00\" \/>\n<meta property=\"og:image\" content=\"https:\/\/www.travianet.de\/wp-content\/uploads\/2017\/05\/blaue-Flagge.jpg\" \/>\n\t<meta property=\"og:image:width\" content=\"396\" \/>\n\t<meta property=\"og:image:height\" content=\"303\" \/>\n\t<meta property=\"og:image:type\" content=\"image\/jpeg\" \/>\n<meta name=\"author\" content=\"travianet\" \/>\n<meta name=\"twitter:card\" content=\"summary_large_image\" \/>\n<meta name=\"twitter:creator\" content=\"@travianet\" \/>\n<meta name=\"twitter:site\" content=\"@travianet\" \/>\n<meta name=\"twitter:label1\" content=\"Napisane przez\" \/>\n\t<meta name=\"twitter:data1\" content=\"travianet\" \/>\n\t<meta name=\"twitter:label2\" content=\"Szacowany czas czytania\" \/>\n\t<meta name=\"twitter:data2\" content=\"1 minuta\" \/>\n<script type=\"application\/ld+json\" class=\"yoast-schema-graph\">{\"@context\":\"https:\\\/\\\/schema.org\",\"@graph\":[{\"@type\":\"Article\",\"@id\":\"https:\\\/\\\/www.travianet.de\\\/pl\\\/reiseziele\\\/weniger-blaue-flaggen-wehen-auf-mallorca\\\/#article\",\"isPartOf\":{\"@id\":\"https:\\\/\\\/www.travianet.de\\\/pl\\\/reiseziele\\\/weniger-blaue-flaggen-wehen-auf-mallorca\\\/\"},\"author\":{\"name\":\"travianet\",\"@id\":\"https:\\\/\\\/www.travianet.de\\\/#\\\/schema\\\/person\\\/9e1ffeb8ecf680b4f3a190d98ddf1bf5\"},\"headline\":\"Weniger Blaue Flaggen wehen auf Mallorca\",\"datePublished\":\"2017-05-25T15:59:21+00:00\",\"dateModified\":\"2017-08-30T09:29:13+00:00\",\"mainEntityOfPage\":{\"@id\":\"https:\\\/\\\/www.travianet.de\\\/pl\\\/reiseziele\\\/weniger-blaue-flaggen-wehen-auf-mallorca\\\/\"},\"wordCount\":255,\"commentCount\":0,\"publisher\":{\"@id\":\"https:\\\/\\\/www.travianet.de\\\/#organization\"},\"image\":{\"@id\":\"https:\\\/\\\/www.travianet.de\\\/pl\\\/reiseziele\\\/weniger-blaue-flaggen-wehen-auf-mallorca\\\/#primaryimage\"},\"thumbnailUrl\":\"https:\\\/\\\/www.travianet.de\\\/wp-content\\\/uploads\\\/2017\\\/05\\\/blaue-Flagge.jpg\",\"keywords\":[\"Baden\",\"Blaue Flagge\",\"Mallorca\",\"Sauberkeit\",\"Str\u00e4nde\"],\"articleSection\":[\"Reiseziele\"],\"inLanguage\":\"pl-PL\",\"potentialAction\":[{\"@type\":\"CommentAction\",\"name\":\"Comment\",\"target\":[\"https:\\\/\\\/www.travianet.de\\\/pl\\\/reiseziele\\\/weniger-blaue-flaggen-wehen-auf-mallorca\\\/#respond\"]}]},{\"@type\":\"WebPage\",\"@id\":\"https:\\\/\\\/www.travianet.de\\\/pl\\\/reiseziele\\\/weniger-blaue-flaggen-wehen-auf-mallorca\\\/\",\"url\":\"https:\\\/\\\/www.travianet.de\\\/pl\\\/reiseziele\\\/weniger-blaue-flaggen-wehen-auf-mallorca\\\/\",\"name\":\"Weniger Blaue Flaggen wehen auf Mallorca - travianet\",\"isPartOf\":{\"@id\":\"https:\\\/\\\/www.travianet.de\\\/#website\"},\"primaryImageOfPage\":{\"@id\":\"https:\\\/\\\/www.travianet.de\\\/pl\\\/reiseziele\\\/weniger-blaue-flaggen-wehen-auf-mallorca\\\/#primaryimage\"},\"image\":{\"@id\":\"https:\\\/\\\/www.travianet.de\\\/pl\\\/reiseziele\\\/weniger-blaue-flaggen-wehen-auf-mallorca\\\/#primaryimage\"},\"thumbnailUrl\":\"https:\\\/\\\/www.travianet.de\\\/wp-content\\\/uploads\\\/2017\\\/05\\\/blaue-Flagge.jpg\",\"datePublished\":\"2017-05-25T15:59:21+00:00\",\"dateModified\":\"2017-08-30T09:29:13+00:00\",\"description\":\"Balearen-Insel l\u00e4sst im Umweltmanagement nach &#9733; Mallorca verliert 3 Mal die Blaue Flagge &#9733; Spanien weltweit mir gr\u00f6\u00dfrer Dichte\",\"breadcrumb\":{\"@id\":\"https:\\\/\\\/www.travianet.de\\\/pl\\\/reiseziele\\\/weniger-blaue-flaggen-wehen-auf-mallorca\\\/#breadcrumb\"},\"inLanguage\":\"pl-PL\",\"potentialAction\":[{\"@type\":\"ReadAction\",\"target\":[\"https:\\\/\\\/www.travianet.de\\\/pl\\\/reiseziele\\\/weniger-blaue-flaggen-wehen-auf-mallorca\\\/\"]}]},{\"@type\":\"ImageObject\",\"inLanguage\":\"pl-PL\",\"@id\":\"https:\\\/\\\/www.travianet.de\\\/pl\\\/reiseziele\\\/weniger-blaue-flaggen-wehen-auf-mallorca\\\/#primaryimage\",\"url\":\"https:\\\/\\\/www.travianet.de\\\/wp-content\\\/uploads\\\/2017\\\/05\\\/blaue-Flagge.jpg\",\"contentUrl\":\"https:\\\/\\\/www.travianet.de\\\/wp-content\\\/uploads\\\/2017\\\/05\\\/blaue-Flagge.jpg\",\"width\":396,\"height\":303,\"caption\":\"Blaue Flagge\"},{\"@type\":\"BreadcrumbList\",\"@id\":\"https:\\\/\\\/www.travianet.de\\\/pl\\\/reiseziele\\\/weniger-blaue-flaggen-wehen-auf-mallorca\\\/#breadcrumb\",\"itemListElement\":[{\"@type\":\"ListItem\",\"position\":1,\"name\":\"Startseite\",\"item\":\"https:\\\/\\\/www.travianet.de\\\/pl\\\/\"},{\"@type\":\"ListItem\",\"position\":2,\"name\":\"Weniger Blaue Flaggen wehen auf Mallorca\"}]},{\"@type\":\"WebSite\",\"@id\":\"https:\\\/\\\/www.travianet.de\\\/#website\",\"url\":\"https:\\\/\\\/www.travianet.de\\\/\",\"name\":\"travianet\",\"description\":\"Die Nummer Eins wenn es um Reisepartnerprogramme geht\",\"publisher\":{\"@id\":\"https:\\\/\\\/www.travianet.de\\\/#organization\"},\"potentialAction\":[{\"@type\":\"SearchAction\",\"target\":{\"@type\":\"EntryPoint\",\"urlTemplate\":\"https:\\\/\\\/www.travianet.de\\\/?s={search_term_string}\"},\"query-input\":{\"@type\":\"PropertyValueSpecification\",\"valueRequired\":true,\"valueName\":\"search_term_string\"}}],\"inLanguage\":\"pl-PL\"},{\"@type\":\"Organization\",\"@id\":\"https:\\\/\\\/www.travianet.de\\\/#organization\",\"name\":\"travianet GmbH\",\"url\":\"https:\\\/\\\/www.travianet.de\\\/\",\"logo\":{\"@type\":\"ImageObject\",\"inLanguage\":\"pl-PL\",\"@id\":\"https:\\\/\\\/www.travianet.de\\\/#\\\/schema\\\/logo\\\/image\\\/\",\"url\":\"https:\\\/\\\/www.travianet.de\\\/wp-content\\\/uploads\\\/2017\\\/06\\\/travianetLogo.png\",\"contentUrl\":\"https:\\\/\\\/www.travianet.de\\\/wp-content\\\/uploads\\\/2017\\\/06\\\/travianetLogo.png\",\"width\":426,\"height\":80,\"caption\":\"travianet GmbH\"},\"image\":{\"@id\":\"https:\\\/\\\/www.travianet.de\\\/#\\\/schema\\\/logo\\\/image\\\/\"},\"sameAs\":[\"https:\\\/\\\/x.com\\\/travianet\",\"https:\\\/\\\/www.linkedin.com\\\/company-beta\\\/1138881\\\/\"]},{\"@type\":\"Person\",\"@id\":\"https:\\\/\\\/www.travianet.de\\\/#\\\/schema\\\/person\\\/9e1ffeb8ecf680b4f3a190d98ddf1bf5\",\"name\":\"travianet\",\"sameAs\":[\"https:\\\/\\\/www.travianet.de\"]}]}<\/script>\n<!-- \/ Yoast SEO plugin. -->","yoast_head_json":{"title":"Weniger Blaue Flaggen wehen auf Mallorca - travianet","description":"Balearen-Insel l\u00e4sst im Umweltmanagement nach &#9733; Mallorca verliert 3 Mal die Blaue Flagge &#9733; Spanien weltweit mir gr\u00f6\u00dfrer Dichte","robots":{"index":"index","follow":"follow","max-snippet":"max-snippet:-1","max-image-preview":"max-image-preview:large","max-video-preview":"max-video-preview:-1"},"canonical":"https:\/\/www.travianet.de\/pl\/reiseziele\/weniger-blaue-flaggen-wehen-auf-mallorca\/","og_locale":"pl_PL","og_type":"article","og_title":"Weniger Blaue Flaggen wehen auf Mallorca - travianet","og_description":"Balearen-Insel l\u00e4sst im Umweltmanagement nach &#9733; Mallorca verliert 3 Mal die Blaue Flagge &#9733; Spanien weltweit mir gr\u00f6\u00dfrer Dichte","og_url":"https:\/\/www.travianet.de\/pl\/reiseziele\/weniger-blaue-flaggen-wehen-auf-mallorca\/","og_site_name":"travianet","article_published_time":"2017-05-25T15:59:21+00:00","article_modified_time":"2017-08-30T09:29:13+00:00","og_image":[{"width":396,"height":303,"url":"https:\/\/www.travianet.de\/wp-content\/uploads\/2017\/05\/blaue-Flagge.jpg","type":"image\/jpeg"}],"author":"travianet","twitter_card":"summary_large_image","twitter_creator":"@travianet","twitter_site":"@travianet","twitter_misc":{"Napisane przez":"travianet","Szacowany czas czytania":"1 minuta"},"schema":{"@context":"https:\/\/schema.org","@graph":[{"@type":"Article","@id":"https:\/\/www.travianet.de\/pl\/reiseziele\/weniger-blaue-flaggen-wehen-auf-mallorca\/#article","isPartOf":{"@id":"https:\/\/www.travianet.de\/pl\/reiseziele\/weniger-blaue-flaggen-wehen-auf-mallorca\/"},"author":{"name":"travianet","@id":"https:\/\/www.travianet.de\/#\/schema\/person\/9e1ffeb8ecf680b4f3a190d98ddf1bf5"},"headline":"Weniger Blaue Flaggen wehen auf Mallorca","datePublished":"2017-05-25T15:59:21+00:00","dateModified":"2017-08-30T09:29:13+00:00","mainEntityOfPage":{"@id":"https:\/\/www.travianet.de\/pl\/reiseziele\/weniger-blaue-flaggen-wehen-auf-mallorca\/"},"wordCount":255,"commentCount":0,"publisher":{"@id":"https:\/\/www.travianet.de\/#organization"},"image":{"@id":"https:\/\/www.travianet.de\/pl\/reiseziele\/weniger-blaue-flaggen-wehen-auf-mallorca\/#primaryimage"},"thumbnailUrl":"https:\/\/www.travianet.de\/wp-content\/uploads\/2017\/05\/blaue-Flagge.jpg","keywords":["Baden","Blaue Flagge","Mallorca","Sauberkeit","Str\u00e4nde"],"articleSection":["Reiseziele"],"inLanguage":"pl-PL","potentialAction":[{"@type":"CommentAction","name":"Comment","target":["https:\/\/www.travianet.de\/pl\/reiseziele\/weniger-blaue-flaggen-wehen-auf-mallorca\/#respond"]}]},{"@type":"WebPage","@id":"https:\/\/www.travianet.de\/pl\/reiseziele\/weniger-blaue-flaggen-wehen-auf-mallorca\/","url":"https:\/\/www.travianet.de\/pl\/reiseziele\/weniger-blaue-flaggen-wehen-auf-mallorca\/","name":"Weniger Blaue Flaggen wehen auf Mallorca - travianet","isPartOf":{"@id":"https:\/\/www.travianet.de\/#website"},"primaryImageOfPage":{"@id":"https:\/\/www.travianet.de\/pl\/reiseziele\/weniger-blaue-flaggen-wehen-auf-mallorca\/#primaryimage"},"image":{"@id":"https:\/\/www.travianet.de\/pl\/reiseziele\/weniger-blaue-flaggen-wehen-auf-mallorca\/#primaryimage"},"thumbnailUrl":"https:\/\/www.travianet.de\/wp-content\/uploads\/2017\/05\/blaue-Flagge.jpg","datePublished":"2017-05-25T15:59:21+00:00","dateModified":"2017-08-30T09:29:13+00:00","description":"Balearen-Insel l\u00e4sst im Umweltmanagement nach &#9733; Mallorca verliert 3 Mal die Blaue Flagge &#9733; Spanien weltweit mir gr\u00f6\u00dfrer Dichte","breadcrumb":{"@id":"https:\/\/www.travianet.de\/pl\/reiseziele\/weniger-blaue-flaggen-wehen-auf-mallorca\/#breadcrumb"},"inLanguage":"pl-PL","potentialAction":[{"@type":"ReadAction","target":["https:\/\/www.travianet.de\/pl\/reiseziele\/weniger-blaue-flaggen-wehen-auf-mallorca\/"]}]},{"@type":"ImageObject","inLanguage":"pl-PL","@id":"https:\/\/www.travianet.de\/pl\/reiseziele\/weniger-blaue-flaggen-wehen-auf-mallorca\/#primaryimage","url":"https:\/\/www.travianet.de\/wp-content\/uploads\/2017\/05\/blaue-Flagge.jpg","contentUrl":"https:\/\/www.travianet.de\/wp-content\/uploads\/2017\/05\/blaue-Flagge.jpg","width":396,"height":303,"caption":"Blaue Flagge"},{"@type":"BreadcrumbList","@id":"https:\/\/www.travianet.de\/pl\/reiseziele\/weniger-blaue-flaggen-wehen-auf-mallorca\/#breadcrumb","itemListElement":[{"@type":"ListItem","position":1,"name":"Startseite","item":"https:\/\/www.travianet.de\/pl\/"},{"@type":"ListItem","position":2,"name":"Weniger Blaue Flaggen wehen auf Mallorca"}]},{"@type":"WebSite","@id":"https:\/\/www.travianet.de\/#website","url":"https:\/\/www.travianet.de\/","name":"travianet","description":"Die Nummer Eins wenn es um Reisepartnerprogramme geht","publisher":{"@id":"https:\/\/www.travianet.de\/#organization"},"potentialAction":[{"@type":"SearchAction","target":{"@type":"EntryPoint","urlTemplate":"https:\/\/www.travianet.de\/?s={search_term_string}"},"query-input":{"@type":"PropertyValueSpecification","valueRequired":true,"valueName":"search_term_string"}}],"inLanguage":"pl-PL"},{"@type":"Organization","@id":"https:\/\/www.travianet.de\/#organization","name":"travianet GmbH","url":"https:\/\/www.travianet.de\/","logo":{"@type":"ImageObject","inLanguage":"pl-PL","@id":"https:\/\/www.travianet.de\/#\/schema\/logo\/image\/","url":"https:\/\/www.travianet.de\/wp-content\/uploads\/2017\/06\/travianetLogo.png","contentUrl":"https:\/\/www.travianet.de\/wp-content\/uploads\/2017\/06\/travianetLogo.png","width":426,"height":80,"caption":"travianet GmbH"},"image":{"@id":"https:\/\/www.travianet.de\/#\/schema\/logo\/image\/"},"sameAs":["https:\/\/x.com\/travianet","https:\/\/www.linkedin.com\/company-beta\/1138881\/"]},{"@type":"Person","@id":"https:\/\/www.travianet.de\/#\/schema\/person\/9e1ffeb8ecf680b4f3a190d98ddf1bf5","name":"travianet","sameAs":["https:\/\/www.travianet.de"]}]}},"_links":{"self":[{"href":"https:\/\/www.travianet.de\/pl\/wp-json\/wp\/v2\/posts\/31073","targetHints":{"allow":["GET"]}}],"collection":[{"href":"https:\/\/www.travianet.de\/pl\/wp-json\/wp\/v2\/posts"}],"about":[{"href":"https:\/\/www.travianet.de\/pl\/wp-json\/wp\/v2\/types\/post"}],"author":[{"embeddable":true,"href":"https:\/\/www.travianet.de\/pl\/wp-json\/wp\/v2\/users\/4"}],"replies":[{"embeddable":true,"href":"https:\/\/www.travianet.de\/pl\/wp-json\/wp\/v2\/comments?post=31073"}],"version-history":[{"count":4,"href":"https:\/\/www.travianet.de\/pl\/wp-json\/wp\/v2\/posts\/31073\/revisions"}],"predecessor-version":[{"id":31590,"href":"https:\/\/www.travianet.de\/pl\/wp-json\/wp\/v2\/posts\/31073\/revisions\/31590"}],"wp:featuredmedia":[{"embeddable":true,"href":"https:\/\/www.travianet.de\/pl\/wp-json\/wp\/v2\/media\/31074"}],"wp:attachment":[{"href":"https:\/\/www.travianet.de\/pl\/wp-json\/wp\/v2\/media?parent=31073"}],"wp:term":[{"taxonomy":"category","embeddable":true,"href":"https:\/\/www.travianet.de\/pl\/wp-json\/wp\/v2\/categories?post=31073"},{"taxonomy":"post_tag","embeddable":true,"href":"https:\/\/www.travianet.de\/pl\/wp-json\/wp\/v2\/tags?post=31073"}],"curies":[{"name":"wp","href":"https:\/\/api.w.org\/{rel}","templated":true}]}}