{"id":32690,"date":"2018-03-12T10:23:14","date_gmt":"2018-03-12T09:23:14","guid":{"rendered":"https:\/\/www.travianet.de\/?p=32690"},"modified":"2018-03-12T12:15:54","modified_gmt":"2018-03-12T11:15:54","slug":"karibik-fluege-eurowings","status":"publish","type":"post","link":"https:\/\/www.travianet.de\/en\/branchennews\/karibik-fluege-eurowings\/","title":{"rendered":"Karibik Fl\u00fcge: Eurowings baut Angebot aus"},"content":{"rendered":"<div style=\"text-align:justify\">\n<p>Eurowings baut f\u00fcr die kommende Wintersaison das Angebot f\u00fcr Karibik Fl\u00fcge aus. Die Airline reagiert damit auf die gestiegene Nachfrage seitens der Veranstalter sowie die Pleite der Air Berlin. <\/p>\n<p>Eurowings hat ein ganz klares Ziel: &#8220;Wir werden f\u00fcr Nordrhein-Westfalen und Bayern das Tor zu den Traumstr\u00e4nden in der Karibik sein&#8221;, stellt der Gesch\u00e4ftsf\u00fchrer von Eurowings, Oliver Wagner, auf der ITB in Berlin fest.<\/p>\n<h2>Neue Maschinen f\u00fcr Karibik Fl\u00fcge<\/h2>\n<p>Daf\u00fcr hat die Billigtochter der Lufthansa auch entsprechende Investitonen get\u00e4tigt. Drei neue Maschinen f\u00fcr Langstrecken wird Eurowings in der kommenden Wintersaison einsetzen. Damit w\u00e4chst die Langstrecken-Flotte auf zehn Jets. Sieben Maschinen werden ab D\u00fcsseldorf \u00fcber den Atlantik fliegen, drei ab M\u00fcnchen.<\/p>\n<h3>Karibik Fl\u00fcge in die Dom.Rep., nach Kuba und Barbados<\/h3>\n<p>Ab D\u00fcsseldorf bietet Eurowings dann vor allem Karibik Fl\u00fcge in die Dominikanische Republik an. Puerto Plata, Punta Cana, La Romana und Samana stehen auf dem Flugplan. Im Sommer wird bislang nur Punta Cana von Eurowings angeflogen. Au\u00dferdem kann man mit Eurowings ex D\u00fcsseldorf auch nach Havanna, Varadero, Montego Bay, Barbados und Cancun sowie Mauritius und auf die Seychellen fliegen.<\/p>\n<p>Ab M\u00fcnchen wird Eurowings die Zahl der Karibik Fl\u00fcge ebenfalls ausbauen. Auch hier stehen Fl\u00fcge nach Punta Cana sowie La Romana auf dem Winterprogramm. Ebenso auch Havanna, Varadero, Montego Bay, Barbados und Cancun. In den Indischen Ozean nach Mauritius und auf die Seachellen kann man mit Eurowings ab M\u00fcnchen k\u00fcnftig auch fliegen.<\/p>\n<h2>Keine Langstrecke mehr ab K\u00f6ln\/Bonn<\/h2>\n<p>Die neuen Karibik Fl\u00fcge ab 199 Euro f\u00fcr die kommende Wintersaison in M\u00fcnchen und D\u00fcsseldorf sind ab sofort buchbar. Schlecht sieht es hingegen f\u00fcr Eurowings-Passagiere rund um K\u00f6ln\/Bonn aus. Bisher wurden alle Langstrecken der Eurowings vom dortigen Heimathafen der Airline bedient. Aufgrund schlechter wirtschaftlicher Zahlen hat Eurowings jedoch bereits 2017 beschlossen, die Abfl\u00fcge zu verlegen. Zugute kommt der Lufthansa-Tochter in diesem Zusammenhang auch die <a href=\"\/air-berlin-betrieb-vorerst-gesichert\/\" title=\"Mehr zur Pleite von Air Berlin\">Pleite der Air Berlin<\/a>. &#8220;Wir nutzen die L\u00fccke, die Air Berlin in D\u00fcsseldorf hinterl\u00e4sst&#8221;, sagt Lufthansa-Vorstand und Eurowings-CEO Thorsten Dirks.<\/p>\n<\/div>\n","protected":false},"excerpt":{"rendered":"<p>Eurowings baut f\u00fcr die kommende Wintersaison das Angebot f\u00fcr Karibik Fl\u00fcge aus. Die Airline reagiert damit auf die gestiegene Nachfrage seitens der Veranstalter sowie die Pleite der Air Berlin. Eurowings hat ein ganz klares Ziel: &#8220;Wir werden f\u00fcr Nordrhein-Westfalen und Bayern das Tor zu den Traumstr\u00e4nden in der Karibik sein&#8221;, stellt der Gesch\u00e4ftsf\u00fchrer von Eurowings, [&hellip;]<\/p>\n","protected":false},"author":4,"featured_media":32692,"comment_status":"open","ping_status":"open","sticky":false,"template":"","format":"standard","meta":{"_et_pb_use_builder":"","_et_pb_old_content":"","_et_gb_content_width":"","footnotes":""},"categories":[73],"tags":[92,121,80,24],"class_list":["post-32690","post","type-post","status-publish","format-standard","has-post-thumbnail","hentry","category-branchennews","tag-air-berlin","tag-eurowings","tag-karibik","tag-lufthansa"],"yoast_head":"<!-- This site is optimized with the Yoast SEO plugin v27.5 - https:\/\/yoast.com\/product\/yoast-seo-wordpress\/ -->\n<title>Karibik Fl\u00fcge: Eurowings baut Angebot aus - travianet<\/title>\n<meta name=\"description\" content=\"Karibik Fl\u00fcge k\u00fcnftig ab D\u00fcsseldorf und M\u00fcnchen - Eurowings nutzt L\u00fccke durch Air Belin - Mehr Informationen in den travianet News - Ihr Partner, wenn es um Reisen geht\" \/>\n<meta name=\"robots\" content=\"index, follow, max-snippet:-1, max-image-preview:large, max-video-preview:-1\" \/>\n<link rel=\"canonical\" href=\"https:\/\/www.travianet.de\/pl\/branchennews\/karibik-fluege-eurowings\/\" \/>\n<meta property=\"og:locale\" content=\"en_US\" \/>\n<meta property=\"og:type\" content=\"article\" \/>\n<meta property=\"og:title\" content=\"Karibik Fl\u00fcge: Eurowings baut Angebot aus - travianet\" \/>\n<meta property=\"og:description\" content=\"Karibik Fl\u00fcge k\u00fcnftig ab D\u00fcsseldorf und M\u00fcnchen - Eurowings nutzt L\u00fccke durch Air Belin - Mehr Informationen in den travianet News - Ihr Partner, wenn es um Reisen geht\" \/>\n<meta property=\"og:url\" content=\"https:\/\/www.travianet.de\/pl\/branchennews\/karibik-fluege-eurowings\/\" \/>\n<meta property=\"og:site_name\" content=\"travianet\" \/>\n<meta property=\"article:published_time\" content=\"2018-03-12T09:23:14+00:00\" \/>\n<meta property=\"article:modified_time\" content=\"2018-03-12T11:15:54+00:00\" \/>\n<meta property=\"og:image\" content=\"https:\/\/www.travianet.de\/wp-content\/uploads\/2018\/03\/karibik-fluege.jpg\" \/>\n\t<meta property=\"og:image:width\" content=\"800\" \/>\n\t<meta property=\"og:image:height\" content=\"500\" \/>\n\t<meta property=\"og:image:type\" content=\"image\/jpeg\" \/>\n<meta name=\"author\" content=\"travianet\" \/>\n<meta name=\"twitter:card\" content=\"summary_large_image\" \/>\n<meta name=\"twitter:creator\" content=\"@travianet\" \/>\n<meta name=\"twitter:site\" content=\"@travianet\" \/>\n<meta name=\"twitter:label1\" content=\"Written by\" \/>\n\t<meta name=\"twitter:data1\" content=\"travianet\" \/>\n\t<meta name=\"twitter:label2\" content=\"Est. reading time\" \/>\n\t<meta name=\"twitter:data2\" content=\"2 minutes\" \/>\n<script type=\"application\/ld+json\" class=\"yoast-schema-graph\">{\"@context\":\"https:\\\/\\\/schema.org\",\"@graph\":[{\"@type\":\"Article\",\"@id\":\"https:\\\/\\\/www.travianet.de\\\/pl\\\/branchennews\\\/karibik-fluege-eurowings\\\/#article\",\"isPartOf\":{\"@id\":\"https:\\\/\\\/www.travianet.de\\\/pl\\\/branchennews\\\/karibik-fluege-eurowings\\\/\"},\"author\":{\"name\":\"travianet\",\"@id\":\"https:\\\/\\\/www.travianet.de\\\/#\\\/schema\\\/person\\\/9e1ffeb8ecf680b4f3a190d98ddf1bf5\"},\"headline\":\"Karibik Fl\u00fcge: Eurowings baut Angebot aus\",\"datePublished\":\"2018-03-12T09:23:14+00:00\",\"dateModified\":\"2018-03-12T11:15:54+00:00\",\"mainEntityOfPage\":{\"@id\":\"https:\\\/\\\/www.travianet.de\\\/pl\\\/branchennews\\\/karibik-fluege-eurowings\\\/\"},\"wordCount\":362,\"commentCount\":0,\"publisher\":{\"@id\":\"https:\\\/\\\/www.travianet.de\\\/#organization\"},\"image\":{\"@id\":\"https:\\\/\\\/www.travianet.de\\\/pl\\\/branchennews\\\/karibik-fluege-eurowings\\\/#primaryimage\"},\"thumbnailUrl\":\"https:\\\/\\\/www.travianet.de\\\/wp-content\\\/uploads\\\/2018\\\/03\\\/karibik-fluege.jpg\",\"keywords\":[\"Air Berlin\",\"Eurowings\",\"Karibik\",\"Lufthansa\"],\"articleSection\":[\"Branchennews\"],\"inLanguage\":\"en-US\",\"potentialAction\":[{\"@type\":\"CommentAction\",\"name\":\"Comment\",\"target\":[\"https:\\\/\\\/www.travianet.de\\\/pl\\\/branchennews\\\/karibik-fluege-eurowings\\\/#respond\"]}]},{\"@type\":\"WebPage\",\"@id\":\"https:\\\/\\\/www.travianet.de\\\/pl\\\/branchennews\\\/karibik-fluege-eurowings\\\/\",\"url\":\"https:\\\/\\\/www.travianet.de\\\/pl\\\/branchennews\\\/karibik-fluege-eurowings\\\/\",\"name\":\"Karibik Fl\u00fcge: Eurowings baut Angebot aus - travianet\",\"isPartOf\":{\"@id\":\"https:\\\/\\\/www.travianet.de\\\/#website\"},\"primaryImageOfPage\":{\"@id\":\"https:\\\/\\\/www.travianet.de\\\/pl\\\/branchennews\\\/karibik-fluege-eurowings\\\/#primaryimage\"},\"image\":{\"@id\":\"https:\\\/\\\/www.travianet.de\\\/pl\\\/branchennews\\\/karibik-fluege-eurowings\\\/#primaryimage\"},\"thumbnailUrl\":\"https:\\\/\\\/www.travianet.de\\\/wp-content\\\/uploads\\\/2018\\\/03\\\/karibik-fluege.jpg\",\"datePublished\":\"2018-03-12T09:23:14+00:00\",\"dateModified\":\"2018-03-12T11:15:54+00:00\",\"description\":\"Karibik Fl\u00fcge k\u00fcnftig ab D\u00fcsseldorf und M\u00fcnchen - Eurowings nutzt L\u00fccke durch Air Belin - Mehr Informationen in den travianet News - Ihr Partner, wenn es um Reisen geht\",\"breadcrumb\":{\"@id\":\"https:\\\/\\\/www.travianet.de\\\/pl\\\/branchennews\\\/karibik-fluege-eurowings\\\/#breadcrumb\"},\"inLanguage\":\"en-US\",\"potentialAction\":[{\"@type\":\"ReadAction\",\"target\":[\"https:\\\/\\\/www.travianet.de\\\/pl\\\/branchennews\\\/karibik-fluege-eurowings\\\/\"]}]},{\"@type\":\"ImageObject\",\"inLanguage\":\"en-US\",\"@id\":\"https:\\\/\\\/www.travianet.de\\\/pl\\\/branchennews\\\/karibik-fluege-eurowings\\\/#primaryimage\",\"url\":\"https:\\\/\\\/www.travianet.de\\\/wp-content\\\/uploads\\\/2018\\\/03\\\/karibik-fluege.jpg\",\"contentUrl\":\"https:\\\/\\\/www.travianet.de\\\/wp-content\\\/uploads\\\/2018\\\/03\\\/karibik-fluege.jpg\",\"width\":\"800\",\"height\":\"500\",\"caption\":\"Eurowings setzt auf Karibik Fl\u00fcge\"},{\"@type\":\"BreadcrumbList\",\"@id\":\"https:\\\/\\\/www.travianet.de\\\/pl\\\/branchennews\\\/karibik-fluege-eurowings\\\/#breadcrumb\",\"itemListElement\":[{\"@type\":\"ListItem\",\"position\":1,\"name\":\"Startseite\",\"item\":\"https:\\\/\\\/www.travianet.de\\\/en\\\/\"},{\"@type\":\"ListItem\",\"position\":2,\"name\":\"Karibik Fl\u00fcge: Eurowings baut Angebot aus\"}]},{\"@type\":\"WebSite\",\"@id\":\"https:\\\/\\\/www.travianet.de\\\/#website\",\"url\":\"https:\\\/\\\/www.travianet.de\\\/\",\"name\":\"travianet\",\"description\":\"Die Nummer Eins wenn es um Reisepartnerprogramme geht\",\"publisher\":{\"@id\":\"https:\\\/\\\/www.travianet.de\\\/#organization\"},\"potentialAction\":[{\"@type\":\"SearchAction\",\"target\":{\"@type\":\"EntryPoint\",\"urlTemplate\":\"https:\\\/\\\/www.travianet.de\\\/?s={search_term_string}\"},\"query-input\":{\"@type\":\"PropertyValueSpecification\",\"valueRequired\":true,\"valueName\":\"search_term_string\"}}],\"inLanguage\":\"en-US\"},{\"@type\":\"Organization\",\"@id\":\"https:\\\/\\\/www.travianet.de\\\/#organization\",\"name\":\"travianet GmbH\",\"url\":\"https:\\\/\\\/www.travianet.de\\\/\",\"logo\":{\"@type\":\"ImageObject\",\"inLanguage\":\"en-US\",\"@id\":\"https:\\\/\\\/www.travianet.de\\\/#\\\/schema\\\/logo\\\/image\\\/\",\"url\":\"https:\\\/\\\/www.travianet.de\\\/wp-content\\\/uploads\\\/2017\\\/06\\\/travianetLogo.png\",\"contentUrl\":\"https:\\\/\\\/www.travianet.de\\\/wp-content\\\/uploads\\\/2017\\\/06\\\/travianetLogo.png\",\"width\":426,\"height\":80,\"caption\":\"travianet GmbH\"},\"image\":{\"@id\":\"https:\\\/\\\/www.travianet.de\\\/#\\\/schema\\\/logo\\\/image\\\/\"},\"sameAs\":[\"https:\\\/\\\/x.com\\\/travianet\",\"https:\\\/\\\/www.linkedin.com\\\/company-beta\\\/1138881\\\/\"]},{\"@type\":\"Person\",\"@id\":\"https:\\\/\\\/www.travianet.de\\\/#\\\/schema\\\/person\\\/9e1ffeb8ecf680b4f3a190d98ddf1bf5\",\"name\":\"travianet\",\"sameAs\":[\"https:\\\/\\\/www.travianet.de\"]}]}<\/script>\n<!-- \/ Yoast SEO plugin. -->","yoast_head_json":{"title":"Karibik Fl\u00fcge: Eurowings baut Angebot aus - travianet","description":"Karibik Fl\u00fcge k\u00fcnftig ab D\u00fcsseldorf und M\u00fcnchen - Eurowings nutzt L\u00fccke durch Air Belin - Mehr Informationen in den travianet News - Ihr Partner, wenn es um Reisen geht","robots":{"index":"index","follow":"follow","max-snippet":"max-snippet:-1","max-image-preview":"max-image-preview:large","max-video-preview":"max-video-preview:-1"},"canonical":"https:\/\/www.travianet.de\/pl\/branchennews\/karibik-fluege-eurowings\/","og_locale":"en_US","og_type":"article","og_title":"Karibik Fl\u00fcge: Eurowings baut Angebot aus - travianet","og_description":"Karibik Fl\u00fcge k\u00fcnftig ab D\u00fcsseldorf und M\u00fcnchen - Eurowings nutzt L\u00fccke durch Air Belin - Mehr Informationen in den travianet News - Ihr Partner, wenn es um Reisen geht","og_url":"https:\/\/www.travianet.de\/pl\/branchennews\/karibik-fluege-eurowings\/","og_site_name":"travianet","article_published_time":"2018-03-12T09:23:14+00:00","article_modified_time":"2018-03-12T11:15:54+00:00","og_image":[{"width":800,"height":500,"url":"https:\/\/www.travianet.de\/wp-content\/uploads\/2018\/03\/karibik-fluege.jpg","type":"image\/jpeg"}],"author":"travianet","twitter_card":"summary_large_image","twitter_creator":"@travianet","twitter_site":"@travianet","twitter_misc":{"Written by":"travianet","Est. reading time":"2 minutes"},"schema":{"@context":"https:\/\/schema.org","@graph":[{"@type":"Article","@id":"https:\/\/www.travianet.de\/pl\/branchennews\/karibik-fluege-eurowings\/#article","isPartOf":{"@id":"https:\/\/www.travianet.de\/pl\/branchennews\/karibik-fluege-eurowings\/"},"author":{"name":"travianet","@id":"https:\/\/www.travianet.de\/#\/schema\/person\/9e1ffeb8ecf680b4f3a190d98ddf1bf5"},"headline":"Karibik Fl\u00fcge: Eurowings baut Angebot aus","datePublished":"2018-03-12T09:23:14+00:00","dateModified":"2018-03-12T11:15:54+00:00","mainEntityOfPage":{"@id":"https:\/\/www.travianet.de\/pl\/branchennews\/karibik-fluege-eurowings\/"},"wordCount":362,"commentCount":0,"publisher":{"@id":"https:\/\/www.travianet.de\/#organization"},"image":{"@id":"https:\/\/www.travianet.de\/pl\/branchennews\/karibik-fluege-eurowings\/#primaryimage"},"thumbnailUrl":"https:\/\/www.travianet.de\/wp-content\/uploads\/2018\/03\/karibik-fluege.jpg","keywords":["Air Berlin","Eurowings","Karibik","Lufthansa"],"articleSection":["Branchennews"],"inLanguage":"en-US","potentialAction":[{"@type":"CommentAction","name":"Comment","target":["https:\/\/www.travianet.de\/pl\/branchennews\/karibik-fluege-eurowings\/#respond"]}]},{"@type":"WebPage","@id":"https:\/\/www.travianet.de\/pl\/branchennews\/karibik-fluege-eurowings\/","url":"https:\/\/www.travianet.de\/pl\/branchennews\/karibik-fluege-eurowings\/","name":"Karibik Fl\u00fcge: Eurowings baut Angebot aus - travianet","isPartOf":{"@id":"https:\/\/www.travianet.de\/#website"},"primaryImageOfPage":{"@id":"https:\/\/www.travianet.de\/pl\/branchennews\/karibik-fluege-eurowings\/#primaryimage"},"image":{"@id":"https:\/\/www.travianet.de\/pl\/branchennews\/karibik-fluege-eurowings\/#primaryimage"},"thumbnailUrl":"https:\/\/www.travianet.de\/wp-content\/uploads\/2018\/03\/karibik-fluege.jpg","datePublished":"2018-03-12T09:23:14+00:00","dateModified":"2018-03-12T11:15:54+00:00","description":"Karibik Fl\u00fcge k\u00fcnftig ab D\u00fcsseldorf und M\u00fcnchen - Eurowings nutzt L\u00fccke durch Air Belin - Mehr Informationen in den travianet News - Ihr Partner, wenn es um Reisen geht","breadcrumb":{"@id":"https:\/\/www.travianet.de\/pl\/branchennews\/karibik-fluege-eurowings\/#breadcrumb"},"inLanguage":"en-US","potentialAction":[{"@type":"ReadAction","target":["https:\/\/www.travianet.de\/pl\/branchennews\/karibik-fluege-eurowings\/"]}]},{"@type":"ImageObject","inLanguage":"en-US","@id":"https:\/\/www.travianet.de\/pl\/branchennews\/karibik-fluege-eurowings\/#primaryimage","url":"https:\/\/www.travianet.de\/wp-content\/uploads\/2018\/03\/karibik-fluege.jpg","contentUrl":"https:\/\/www.travianet.de\/wp-content\/uploads\/2018\/03\/karibik-fluege.jpg","width":"800","height":"500","caption":"Eurowings setzt auf Karibik Fl\u00fcge"},{"@type":"BreadcrumbList","@id":"https:\/\/www.travianet.de\/pl\/branchennews\/karibik-fluege-eurowings\/#breadcrumb","itemListElement":[{"@type":"ListItem","position":1,"name":"Startseite","item":"https:\/\/www.travianet.de\/en\/"},{"@type":"ListItem","position":2,"name":"Karibik Fl\u00fcge: Eurowings baut Angebot aus"}]},{"@type":"WebSite","@id":"https:\/\/www.travianet.de\/#website","url":"https:\/\/www.travianet.de\/","name":"travianet","description":"Die Nummer Eins wenn es um Reisepartnerprogramme geht","publisher":{"@id":"https:\/\/www.travianet.de\/#organization"},"potentialAction":[{"@type":"SearchAction","target":{"@type":"EntryPoint","urlTemplate":"https:\/\/www.travianet.de\/?s={search_term_string}"},"query-input":{"@type":"PropertyValueSpecification","valueRequired":true,"valueName":"search_term_string"}}],"inLanguage":"en-US"},{"@type":"Organization","@id":"https:\/\/www.travianet.de\/#organization","name":"travianet GmbH","url":"https:\/\/www.travianet.de\/","logo":{"@type":"ImageObject","inLanguage":"en-US","@id":"https:\/\/www.travianet.de\/#\/schema\/logo\/image\/","url":"https:\/\/www.travianet.de\/wp-content\/uploads\/2017\/06\/travianetLogo.png","contentUrl":"https:\/\/www.travianet.de\/wp-content\/uploads\/2017\/06\/travianetLogo.png","width":426,"height":80,"caption":"travianet GmbH"},"image":{"@id":"https:\/\/www.travianet.de\/#\/schema\/logo\/image\/"},"sameAs":["https:\/\/x.com\/travianet","https:\/\/www.linkedin.com\/company-beta\/1138881\/"]},{"@type":"Person","@id":"https:\/\/www.travianet.de\/#\/schema\/person\/9e1ffeb8ecf680b4f3a190d98ddf1bf5","name":"travianet","sameAs":["https:\/\/www.travianet.de"]}]}},"_links":{"self":[{"href":"https:\/\/www.travianet.de\/en\/wp-json\/wp\/v2\/posts\/32690","targetHints":{"allow":["GET"]}}],"collection":[{"href":"https:\/\/www.travianet.de\/en\/wp-json\/wp\/v2\/posts"}],"about":[{"href":"https:\/\/www.travianet.de\/en\/wp-json\/wp\/v2\/types\/post"}],"author":[{"embeddable":true,"href":"https:\/\/www.travianet.de\/en\/wp-json\/wp\/v2\/users\/4"}],"replies":[{"embeddable":true,"href":"https:\/\/www.travianet.de\/en\/wp-json\/wp\/v2\/comments?post=32690"}],"version-history":[{"count":3,"href":"https:\/\/www.travianet.de\/en\/wp-json\/wp\/v2\/posts\/32690\/revisions"}],"predecessor-version":[{"id":32694,"href":"https:\/\/www.travianet.de\/en\/wp-json\/wp\/v2\/posts\/32690\/revisions\/32694"}],"wp:featuredmedia":[{"embeddable":true,"href":"https:\/\/www.travianet.de\/en\/wp-json\/wp\/v2\/media\/32692"}],"wp:attachment":[{"href":"https:\/\/www.travianet.de\/en\/wp-json\/wp\/v2\/media?parent=32690"}],"wp:term":[{"taxonomy":"category","embeddable":true,"href":"https:\/\/www.travianet.de\/en\/wp-json\/wp\/v2\/categories?post=32690"},{"taxonomy":"post_tag","embeddable":true,"href":"https:\/\/www.travianet.de\/en\/wp-json\/wp\/v2\/tags?post=32690"}],"curies":[{"name":"wp","href":"https:\/\/api.w.org\/{rel}","templated":true}]}}