{"id":31655,"date":"2017-09-01T12:56:07","date_gmt":"2017-09-01T10:56:07","guid":{"rendered":"https:\/\/www.travianet.de\/?p=31655\/"},"modified":"2017-09-01T13:04:09","modified_gmt":"2017-09-01T11:04:09","slug":"balearen-touristensteuer-wird-verdoppelt","status":"publish","type":"post","link":"https:\/\/www.travianet.de\/en\/reiseziele\/balearen-touristensteuer-wird-verdoppelt\/","title":{"rendered":"Balearen: Touristensteuer wird verdoppelt"},"content":{"rendered":"<div style=\"text-align:justify\">\n<p>Der Mallorca Urlaub wird ab kommenden Jahr teurer. Was schon lange gemunkelt wurde, hat sich nur best\u00e4tigt: Die linke Bezirksregierung der spanischen Inselgruppe hat sich auf eine Verdoppelung der Touristensteuer geeinigt. Demnach m\u00fcssen Urlauber auf Mallorca, Ibiza, Menorca und Formentera ab 2018 nicht mehr 2 Euro, sondern bis zu 4 Euro pro Person und Tag bezahlen.<\/p>\n<p>Die 2016 eingef\u00fchrte Touristensteuer, die so genannte <em>Ecotasa<\/em>, gibt es seit September 2016. Die Einnahmen sollten in den sozialen Bereich sowie in die Verbesserung des touristischen Angebots und den Umweltschutz flie\u00dfen. Mit der Verdoppelung sollen laut dem balearischen Tourismusminister Biel Barcel\u00f3 und Finanzministerin Catalina Cladera bis zu 120 Millionen Euro in die Regierungskassen gesp\u00fclt werden.<\/p>\n<h2>Touristensteuer bis zu 4 Euro<\/h2>\n<p>Konkret m\u00fcssen G\u00e4ste in F\u00fcnf-Sterne-Hotels auf den vier Balearen-Inseln k\u00fcnftig 4 Euro pro Tag und Person zahlen. Bisher waren es nur 2 Euro. Touristen in weniger hochwertigen Unterk\u00fcnften zahlen ab 2018 statt 50 Cent einen Euro. Auch wer mit einem Kreuzfahrtschiff zum Beispiel im Hafen von Palma de Mallorca anlegt, wird k\u00fcnftig zur Kasse gebeten &#8211; auch wenn er nur wenige Stunden auf Mallorca verbringt. Bisher mussten Seereisende bei einem Aufenthalt von weniger als 12 Stunden nichts bezahlen.<\/p>\n<h2>Heftige Kritik der Hoteliers<\/h2>\n<p>Auf besonders heftige Kritik sto\u00dfen die Pl\u00e4ne der Balearen-Regierung vor allem bei Hoteliers und Reiseveranstaltern. Als &#8220;sch\u00e4dlich und \u00fcbereilt&#8221; bezeichnete Inmaculada Benito, die Pr\u00e4sidentin des mallorquinischen Hoteliersverbandes (FEHM), die Pl\u00e4ne. Eine Umsetzung w\u00e4re eine miserable Entscheidung, die die Beliebtheit der Insel gef\u00e4hrde. Sie sieht die gro\u00dfe Gefahr, dass viele potenzielle Urlaubsg\u00e4ste durch eine Verdoppelung der Steuer und der damit massiv steigenden Kosten des Mallorca-Urlaubs andere Urlaubziele suchen. Auch ist den Hoteliers zufolge bislang keine positive Auswirkung der Touristensteuer im sozialen oder touristischen Bereich zu erkennen. Der Umweltschutz auf Mallorca hat sich sogar verschlechtert, wie man am Verlust der <a href=\"\/weniger-blaue-flaggen-wehen-auf-mallorca\/\" title=\"Weniger Blaue Flaggen auf Mallorca\">Blauen Flagge auf beliebten Mallorca-Str\u00e4nden<\/a> sehen kann.<\/p>\n<h2>Auch Hotels auf Mallorca werden teurer<\/h2>\n<p>Die mallorquinischen Hoteliers haben \u00fcbrigens selbst gerade eine <a href=\"\/mallorca-wird-2018-teurer\/\" title=\"Mallorca-Hotels werden 2018 teurer\">Preiserh\u00f6hung um bis zu 10 Prozent<\/a> f\u00fcr das kommende Jahr angek\u00fcndigt. Diese wurde auch in den Vertr\u00e4gen mit den Reiseveranstaltern f\u00fcr 2018 festgeschrieben. <\/p>\n<p>Barcel\u00f3 verteidigte die Verdoppelung der Touristensteuer. Sie erkl\u00e4rte: &#8220;Die Touristensteuer hat sich bew\u00e4hrt.&#8221; Seit 2016 &#8220;sind nicht weniger Besucher auf die Inseln gekommen&#8221;. Durch die Erh\u00f6hung der Steuer k\u00f6nnten nun nachhaltige Projekte forciert werden,  die die Auswirkungen des Tourismus auf die Umwelt der Balearen kompensieren sollen. <\/p>\n<p>Derzeit m\u00fcssen Balearen-Urlauber je nach Art der Unterkunft zwischen 50 Cent und 2 Euro pro Tag zahlen. In der Nebensaison zwischen November und April jeweils nur die H\u00e4lfte. Kinder und Jugendliche sind komplett von der Abgabe befreit.<\/p>\n<\/div>\n","protected":false},"excerpt":{"rendered":"<p>Der Mallorca Urlaub wird ab kommenden Jahr teurer. Was schon lange gemunkelt wurde, hat sich nur best\u00e4tigt: Die linke Bezirksregierung der spanischen Inselgruppe hat sich auf eine Verdoppelung der Touristensteuer geeinigt. Demnach m\u00fcssen Urlauber auf Mallorca, Ibiza, Menorca und Formentera ab 2018 nicht mehr 2 Euro, sondern bis zu 4 Euro pro Person und Tag [&hellip;]<\/p>\n","protected":false},"author":4,"featured_media":31656,"comment_status":"open","ping_status":"open","sticky":false,"template":"","format":"standard","meta":{"_et_pb_use_builder":"","_et_pb_old_content":"","_et_gb_content_width":"","footnotes":""},"categories":[72],"tags":[45,74],"class_list":["post-31655","post","type-post","status-publish","format-standard","has-post-thumbnail","hentry","category-reiseziele","tag-mallorca","tag-touristensteuer"],"yoast_head":"<!-- This site is optimized with the Yoast SEO plugin v27.5 - https:\/\/yoast.com\/product\/yoast-seo-wordpress\/ -->\n<title>Balearen: Touristensteuer wird verdoppelt - travianet News<\/title>\n<meta name=\"description\" content=\"Touristensteuer auf Balearen erh\u00f6ht sich 2018 auf bis zu 4 Euro \u2794 Infos im Newsbereich von travianet \u2794 Ihr Partner, wenn es um Reisen geht\" \/>\n<meta name=\"robots\" content=\"index, follow, max-snippet:-1, max-image-preview:large, max-video-preview:-1\" \/>\n<link rel=\"canonical\" href=\"https:\/\/www.travianet.de\/pl\/reiseziele\/balearen-touristensteuer-wird-verdoppelt\/\" \/>\n<meta property=\"og:locale\" content=\"en_US\" \/>\n<meta property=\"og:type\" content=\"article\" \/>\n<meta property=\"og:title\" content=\"Balearen: Touristensteuer wird verdoppelt - travianet News\" \/>\n<meta property=\"og:description\" content=\"Touristensteuer auf Balearen erh\u00f6ht sich 2018 auf bis zu 4 Euro \u2794 Infos im Newsbereich von travianet \u2794 Ihr Partner, wenn es um Reisen geht\" \/>\n<meta property=\"og:url\" content=\"https:\/\/www.travianet.de\/pl\/reiseziele\/balearen-touristensteuer-wird-verdoppelt\/\" \/>\n<meta property=\"og:site_name\" content=\"travianet\" \/>\n<meta property=\"article:published_time\" content=\"2017-09-01T10:56:07+00:00\" \/>\n<meta property=\"article:modified_time\" content=\"2017-09-01T11:04:09+00:00\" \/>\n<meta property=\"og:image\" content=\"https:\/\/www.travianet.de\/wp-content\/uploads\/2017\/09\/mallorca-touristensteuer.jpg\" \/>\n\t<meta property=\"og:image:width\" content=\"841\" \/>\n\t<meta property=\"og:image:height\" content=\"571\" \/>\n\t<meta property=\"og:image:type\" content=\"image\/jpeg\" \/>\n<meta name=\"author\" content=\"travianet\" \/>\n<meta name=\"twitter:card\" content=\"summary_large_image\" \/>\n<meta name=\"twitter:creator\" content=\"@travianet\" \/>\n<meta name=\"twitter:site\" content=\"@travianet\" \/>\n<meta name=\"twitter:label1\" content=\"Written by\" \/>\n\t<meta name=\"twitter:data1\" content=\"travianet\" \/>\n\t<meta name=\"twitter:label2\" content=\"Est. reading time\" \/>\n\t<meta name=\"twitter:data2\" content=\"2 minutes\" \/>\n<script type=\"application\/ld+json\" class=\"yoast-schema-graph\">{\"@context\":\"https:\\\/\\\/schema.org\",\"@graph\":[{\"@type\":\"Article\",\"@id\":\"https:\\\/\\\/www.travianet.de\\\/pl\\\/reiseziele\\\/balearen-touristensteuer-wird-verdoppelt\\\/#article\",\"isPartOf\":{\"@id\":\"https:\\\/\\\/www.travianet.de\\\/pl\\\/reiseziele\\\/balearen-touristensteuer-wird-verdoppelt\\\/\"},\"author\":{\"name\":\"travianet\",\"@id\":\"https:\\\/\\\/www.travianet.de\\\/#\\\/schema\\\/person\\\/9e1ffeb8ecf680b4f3a190d98ddf1bf5\"},\"headline\":\"Balearen: Touristensteuer wird verdoppelt\",\"datePublished\":\"2017-09-01T10:56:07+00:00\",\"dateModified\":\"2017-09-01T11:04:09+00:00\",\"mainEntityOfPage\":{\"@id\":\"https:\\\/\\\/www.travianet.de\\\/pl\\\/reiseziele\\\/balearen-touristensteuer-wird-verdoppelt\\\/\"},\"wordCount\":442,\"commentCount\":0,\"publisher\":{\"@id\":\"https:\\\/\\\/www.travianet.de\\\/#organization\"},\"image\":{\"@id\":\"https:\\\/\\\/www.travianet.de\\\/pl\\\/reiseziele\\\/balearen-touristensteuer-wird-verdoppelt\\\/#primaryimage\"},\"thumbnailUrl\":\"https:\\\/\\\/www.travianet.de\\\/wp-content\\\/uploads\\\/2017\\\/09\\\/mallorca-touristensteuer.jpg\",\"keywords\":[\"Mallorca\",\"Touristensteuer\"],\"articleSection\":[\"Reiseziele\"],\"inLanguage\":\"en-US\",\"potentialAction\":[{\"@type\":\"CommentAction\",\"name\":\"Comment\",\"target\":[\"https:\\\/\\\/www.travianet.de\\\/pl\\\/reiseziele\\\/balearen-touristensteuer-wird-verdoppelt\\\/#respond\"]}]},{\"@type\":\"WebPage\",\"@id\":\"https:\\\/\\\/www.travianet.de\\\/pl\\\/reiseziele\\\/balearen-touristensteuer-wird-verdoppelt\\\/\",\"url\":\"https:\\\/\\\/www.travianet.de\\\/pl\\\/reiseziele\\\/balearen-touristensteuer-wird-verdoppelt\\\/\",\"name\":\"Balearen: Touristensteuer wird verdoppelt - travianet News\",\"isPartOf\":{\"@id\":\"https:\\\/\\\/www.travianet.de\\\/#website\"},\"primaryImageOfPage\":{\"@id\":\"https:\\\/\\\/www.travianet.de\\\/pl\\\/reiseziele\\\/balearen-touristensteuer-wird-verdoppelt\\\/#primaryimage\"},\"image\":{\"@id\":\"https:\\\/\\\/www.travianet.de\\\/pl\\\/reiseziele\\\/balearen-touristensteuer-wird-verdoppelt\\\/#primaryimage\"},\"thumbnailUrl\":\"https:\\\/\\\/www.travianet.de\\\/wp-content\\\/uploads\\\/2017\\\/09\\\/mallorca-touristensteuer.jpg\",\"datePublished\":\"2017-09-01T10:56:07+00:00\",\"dateModified\":\"2017-09-01T11:04:09+00:00\",\"description\":\"Touristensteuer auf Balearen erh\u00f6ht sich 2018 auf bis zu 4 Euro \u2794 Infos im Newsbereich von travianet \u2794 Ihr Partner, wenn es um Reisen geht\",\"breadcrumb\":{\"@id\":\"https:\\\/\\\/www.travianet.de\\\/pl\\\/reiseziele\\\/balearen-touristensteuer-wird-verdoppelt\\\/#breadcrumb\"},\"inLanguage\":\"en-US\",\"potentialAction\":[{\"@type\":\"ReadAction\",\"target\":[\"https:\\\/\\\/www.travianet.de\\\/pl\\\/reiseziele\\\/balearen-touristensteuer-wird-verdoppelt\\\/\"]}]},{\"@type\":\"ImageObject\",\"inLanguage\":\"en-US\",\"@id\":\"https:\\\/\\\/www.travianet.de\\\/pl\\\/reiseziele\\\/balearen-touristensteuer-wird-verdoppelt\\\/#primaryimage\",\"url\":\"https:\\\/\\\/www.travianet.de\\\/wp-content\\\/uploads\\\/2017\\\/09\\\/mallorca-touristensteuer.jpg\",\"contentUrl\":\"https:\\\/\\\/www.travianet.de\\\/wp-content\\\/uploads\\\/2017\\\/09\\\/mallorca-touristensteuer.jpg\",\"width\":\"841\",\"height\":\"571\",\"caption\":\"Mallorca Touristensteuer wird verdoppelt\"},{\"@type\":\"BreadcrumbList\",\"@id\":\"https:\\\/\\\/www.travianet.de\\\/pl\\\/reiseziele\\\/balearen-touristensteuer-wird-verdoppelt\\\/#breadcrumb\",\"itemListElement\":[{\"@type\":\"ListItem\",\"position\":1,\"name\":\"Startseite\",\"item\":\"https:\\\/\\\/www.travianet.de\\\/en\\\/\"},{\"@type\":\"ListItem\",\"position\":2,\"name\":\"Balearen: Touristensteuer wird verdoppelt\"}]},{\"@type\":\"WebSite\",\"@id\":\"https:\\\/\\\/www.travianet.de\\\/#website\",\"url\":\"https:\\\/\\\/www.travianet.de\\\/\",\"name\":\"travianet\",\"description\":\"Die Nummer Eins wenn es um Reisepartnerprogramme geht\",\"publisher\":{\"@id\":\"https:\\\/\\\/www.travianet.de\\\/#organization\"},\"potentialAction\":[{\"@type\":\"SearchAction\",\"target\":{\"@type\":\"EntryPoint\",\"urlTemplate\":\"https:\\\/\\\/www.travianet.de\\\/?s={search_term_string}\"},\"query-input\":{\"@type\":\"PropertyValueSpecification\",\"valueRequired\":true,\"valueName\":\"search_term_string\"}}],\"inLanguage\":\"en-US\"},{\"@type\":\"Organization\",\"@id\":\"https:\\\/\\\/www.travianet.de\\\/#organization\",\"name\":\"travianet GmbH\",\"url\":\"https:\\\/\\\/www.travianet.de\\\/\",\"logo\":{\"@type\":\"ImageObject\",\"inLanguage\":\"en-US\",\"@id\":\"https:\\\/\\\/www.travianet.de\\\/#\\\/schema\\\/logo\\\/image\\\/\",\"url\":\"https:\\\/\\\/www.travianet.de\\\/wp-content\\\/uploads\\\/2017\\\/06\\\/travianetLogo.png\",\"contentUrl\":\"https:\\\/\\\/www.travianet.de\\\/wp-content\\\/uploads\\\/2017\\\/06\\\/travianetLogo.png\",\"width\":426,\"height\":80,\"caption\":\"travianet GmbH\"},\"image\":{\"@id\":\"https:\\\/\\\/www.travianet.de\\\/#\\\/schema\\\/logo\\\/image\\\/\"},\"sameAs\":[\"https:\\\/\\\/x.com\\\/travianet\",\"https:\\\/\\\/www.linkedin.com\\\/company-beta\\\/1138881\\\/\"]},{\"@type\":\"Person\",\"@id\":\"https:\\\/\\\/www.travianet.de\\\/#\\\/schema\\\/person\\\/9e1ffeb8ecf680b4f3a190d98ddf1bf5\",\"name\":\"travianet\",\"sameAs\":[\"https:\\\/\\\/www.travianet.de\"]}]}<\/script>\n<!-- \/ Yoast SEO plugin. -->","yoast_head_json":{"title":"Balearen: Touristensteuer wird verdoppelt - travianet News","description":"Touristensteuer auf Balearen erh\u00f6ht sich 2018 auf bis zu 4 Euro \u2794 Infos im Newsbereich von travianet \u2794 Ihr Partner, wenn es um Reisen geht","robots":{"index":"index","follow":"follow","max-snippet":"max-snippet:-1","max-image-preview":"max-image-preview:large","max-video-preview":"max-video-preview:-1"},"canonical":"https:\/\/www.travianet.de\/pl\/reiseziele\/balearen-touristensteuer-wird-verdoppelt\/","og_locale":"en_US","og_type":"article","og_title":"Balearen: Touristensteuer wird verdoppelt - travianet News","og_description":"Touristensteuer auf Balearen erh\u00f6ht sich 2018 auf bis zu 4 Euro \u2794 Infos im Newsbereich von travianet \u2794 Ihr Partner, wenn es um Reisen geht","og_url":"https:\/\/www.travianet.de\/pl\/reiseziele\/balearen-touristensteuer-wird-verdoppelt\/","og_site_name":"travianet","article_published_time":"2017-09-01T10:56:07+00:00","article_modified_time":"2017-09-01T11:04:09+00:00","og_image":[{"width":841,"height":571,"url":"https:\/\/www.travianet.de\/wp-content\/uploads\/2017\/09\/mallorca-touristensteuer.jpg","type":"image\/jpeg"}],"author":"travianet","twitter_card":"summary_large_image","twitter_creator":"@travianet","twitter_site":"@travianet","twitter_misc":{"Written by":"travianet","Est. reading time":"2 minutes"},"schema":{"@context":"https:\/\/schema.org","@graph":[{"@type":"Article","@id":"https:\/\/www.travianet.de\/pl\/reiseziele\/balearen-touristensteuer-wird-verdoppelt\/#article","isPartOf":{"@id":"https:\/\/www.travianet.de\/pl\/reiseziele\/balearen-touristensteuer-wird-verdoppelt\/"},"author":{"name":"travianet","@id":"https:\/\/www.travianet.de\/#\/schema\/person\/9e1ffeb8ecf680b4f3a190d98ddf1bf5"},"headline":"Balearen: Touristensteuer wird verdoppelt","datePublished":"2017-09-01T10:56:07+00:00","dateModified":"2017-09-01T11:04:09+00:00","mainEntityOfPage":{"@id":"https:\/\/www.travianet.de\/pl\/reiseziele\/balearen-touristensteuer-wird-verdoppelt\/"},"wordCount":442,"commentCount":0,"publisher":{"@id":"https:\/\/www.travianet.de\/#organization"},"image":{"@id":"https:\/\/www.travianet.de\/pl\/reiseziele\/balearen-touristensteuer-wird-verdoppelt\/#primaryimage"},"thumbnailUrl":"https:\/\/www.travianet.de\/wp-content\/uploads\/2017\/09\/mallorca-touristensteuer.jpg","keywords":["Mallorca","Touristensteuer"],"articleSection":["Reiseziele"],"inLanguage":"en-US","potentialAction":[{"@type":"CommentAction","name":"Comment","target":["https:\/\/www.travianet.de\/pl\/reiseziele\/balearen-touristensteuer-wird-verdoppelt\/#respond"]}]},{"@type":"WebPage","@id":"https:\/\/www.travianet.de\/pl\/reiseziele\/balearen-touristensteuer-wird-verdoppelt\/","url":"https:\/\/www.travianet.de\/pl\/reiseziele\/balearen-touristensteuer-wird-verdoppelt\/","name":"Balearen: Touristensteuer wird verdoppelt - travianet News","isPartOf":{"@id":"https:\/\/www.travianet.de\/#website"},"primaryImageOfPage":{"@id":"https:\/\/www.travianet.de\/pl\/reiseziele\/balearen-touristensteuer-wird-verdoppelt\/#primaryimage"},"image":{"@id":"https:\/\/www.travianet.de\/pl\/reiseziele\/balearen-touristensteuer-wird-verdoppelt\/#primaryimage"},"thumbnailUrl":"https:\/\/www.travianet.de\/wp-content\/uploads\/2017\/09\/mallorca-touristensteuer.jpg","datePublished":"2017-09-01T10:56:07+00:00","dateModified":"2017-09-01T11:04:09+00:00","description":"Touristensteuer auf Balearen erh\u00f6ht sich 2018 auf bis zu 4 Euro \u2794 Infos im Newsbereich von travianet \u2794 Ihr Partner, wenn es um Reisen geht","breadcrumb":{"@id":"https:\/\/www.travianet.de\/pl\/reiseziele\/balearen-touristensteuer-wird-verdoppelt\/#breadcrumb"},"inLanguage":"en-US","potentialAction":[{"@type":"ReadAction","target":["https:\/\/www.travianet.de\/pl\/reiseziele\/balearen-touristensteuer-wird-verdoppelt\/"]}]},{"@type":"ImageObject","inLanguage":"en-US","@id":"https:\/\/www.travianet.de\/pl\/reiseziele\/balearen-touristensteuer-wird-verdoppelt\/#primaryimage","url":"https:\/\/www.travianet.de\/wp-content\/uploads\/2017\/09\/mallorca-touristensteuer.jpg","contentUrl":"https:\/\/www.travianet.de\/wp-content\/uploads\/2017\/09\/mallorca-touristensteuer.jpg","width":"841","height":"571","caption":"Mallorca Touristensteuer wird verdoppelt"},{"@type":"BreadcrumbList","@id":"https:\/\/www.travianet.de\/pl\/reiseziele\/balearen-touristensteuer-wird-verdoppelt\/#breadcrumb","itemListElement":[{"@type":"ListItem","position":1,"name":"Startseite","item":"https:\/\/www.travianet.de\/en\/"},{"@type":"ListItem","position":2,"name":"Balearen: Touristensteuer wird verdoppelt"}]},{"@type":"WebSite","@id":"https:\/\/www.travianet.de\/#website","url":"https:\/\/www.travianet.de\/","name":"travianet","description":"Die Nummer Eins wenn es um Reisepartnerprogramme geht","publisher":{"@id":"https:\/\/www.travianet.de\/#organization"},"potentialAction":[{"@type":"SearchAction","target":{"@type":"EntryPoint","urlTemplate":"https:\/\/www.travianet.de\/?s={search_term_string}"},"query-input":{"@type":"PropertyValueSpecification","valueRequired":true,"valueName":"search_term_string"}}],"inLanguage":"en-US"},{"@type":"Organization","@id":"https:\/\/www.travianet.de\/#organization","name":"travianet GmbH","url":"https:\/\/www.travianet.de\/","logo":{"@type":"ImageObject","inLanguage":"en-US","@id":"https:\/\/www.travianet.de\/#\/schema\/logo\/image\/","url":"https:\/\/www.travianet.de\/wp-content\/uploads\/2017\/06\/travianetLogo.png","contentUrl":"https:\/\/www.travianet.de\/wp-content\/uploads\/2017\/06\/travianetLogo.png","width":426,"height":80,"caption":"travianet GmbH"},"image":{"@id":"https:\/\/www.travianet.de\/#\/schema\/logo\/image\/"},"sameAs":["https:\/\/x.com\/travianet","https:\/\/www.linkedin.com\/company-beta\/1138881\/"]},{"@type":"Person","@id":"https:\/\/www.travianet.de\/#\/schema\/person\/9e1ffeb8ecf680b4f3a190d98ddf1bf5","name":"travianet","sameAs":["https:\/\/www.travianet.de"]}]}},"_links":{"self":[{"href":"https:\/\/www.travianet.de\/en\/wp-json\/wp\/v2\/posts\/31655","targetHints":{"allow":["GET"]}}],"collection":[{"href":"https:\/\/www.travianet.de\/en\/wp-json\/wp\/v2\/posts"}],"about":[{"href":"https:\/\/www.travianet.de\/en\/wp-json\/wp\/v2\/types\/post"}],"author":[{"embeddable":true,"href":"https:\/\/www.travianet.de\/en\/wp-json\/wp\/v2\/users\/4"}],"replies":[{"embeddable":true,"href":"https:\/\/www.travianet.de\/en\/wp-json\/wp\/v2\/comments?post=31655"}],"version-history":[{"count":7,"href":"https:\/\/www.travianet.de\/en\/wp-json\/wp\/v2\/posts\/31655\/revisions"}],"predecessor-version":[{"id":31663,"href":"https:\/\/www.travianet.de\/en\/wp-json\/wp\/v2\/posts\/31655\/revisions\/31663"}],"wp:featuredmedia":[{"embeddable":true,"href":"https:\/\/www.travianet.de\/en\/wp-json\/wp\/v2\/media\/31656"}],"wp:attachment":[{"href":"https:\/\/www.travianet.de\/en\/wp-json\/wp\/v2\/media?parent=31655"}],"wp:term":[{"taxonomy":"category","embeddable":true,"href":"https:\/\/www.travianet.de\/en\/wp-json\/wp\/v2\/categories?post=31655"},{"taxonomy":"post_tag","embeddable":true,"href":"https:\/\/www.travianet.de\/en\/wp-json\/wp\/v2\/tags?post=31655"}],"curies":[{"name":"wp","href":"https:\/\/api.w.org\/{rel}","templated":true}]}}