{"id":36666,"date":"2020-02-21T09:28:53","date_gmt":"2020-02-21T08:28:53","guid":{"rendered":"https:\/\/www.travianet.de\/?p=36666"},"modified":"2020-05-26T10:49:34","modified_gmt":"2020-05-26T08:49:34","slug":"wohnen-und-arbeiten-im-landkreis-deggendorf","status":"publish","type":"post","link":"https:\/\/www.travianet.de\/cs\/inside-travianet\/wohnen-und-arbeiten-im-landkreis-deggendorf\/","title":{"rendered":"Wohnen und Arbeiten im Landkreis Deggendorf"},"content":{"rendered":"<p>[et_pb_section fb_built=&#8220;1&#8243; _builder_version=&#8220;3.27.3&#8243; custom_padding=&#8220;3px|||||&#8220; fb_built=&#8220;1&#8243; _i=&#8220;0&#8243; _address=&#8220;0&#8243;][et_pb_row _builder_version=&#8220;3.27.3&#8243; _i=&#8220;0&#8243; _address=&#8220;0.0&#8243;][et_pb_column type=&#8220;4_4&#8243; _builder_version=&#8220;3.27.3&#8243; _i=&#8220;0&#8243; _address=&#8220;0.0.0&#8243;][et_pb_text _builder_version=&#8220;3.27.3&#8243; custom_margin=&#8220;||-13px|||&#8220; _i=&#8220;0&#8243; _address=&#8220;0.0.0.0&#8243;]<\/p>\n<div style=\"text-align: justify;\">\n<p><strong><a href=\"\/inside-travianet\/arbeiten-in-deggendorf-warum-es-hier-so-schoen-ist\/\">Dass es sich in der Gro\u00dfen Kreisstadt Deggendorf gut leben l\u00e4sst<\/a>, haben wir Euch ja schon erkl\u00e4rt. Die hervorragende Work-Life-Balance beschr\u00e4nkt sich aber nicht nur auf Deggendorf. Der ganze Landkreis Deggendorf ist f\u00fcr Wohnen und Arbeiten top.<\/strong><\/p>\n<p>Rund 120.000 Menschen sind im Landkreis Deggendorf auf einer Fl\u00e4che von gut 860 km2 zuhause. Neben Deggendorf mit rund 35.000 Einwohnern leben die meisten Menschen in den St\u00e4dten Plattling und Osterhofen sowie in den M\u00e4rkten Hengersberg und Metten. Mit Ausnahme von Osterhofen befinden sich diese Gemeinden im Umkreis von ca. 10 km von Deggendorf. Wer dort wohnt und in Deggendorf arbeitet, kann seinen <strong>Arbeitsplatz also innerhalb weniger Minuten erreichen<\/strong>.<\/p>\n<p>Etwas, wovon die Arbeitnehmer in den Ballungsr\u00e4umen <strong>wie M\u00fcnchen und N\u00fcrnberg nur tr\u00e4umen k\u00f6nnen<\/strong>. Sie stehen zu den Hauptverkehrsszeiten oftmals in langen Staus oder qu\u00e4len sich im Schritttempo durch \u00fcberf\u00fcllte Stra\u00dfen. Freilich kann es bei uns auch mal etwas l\u00e4nger dauern, wegen Bauarbeiten auf der viel befahrenen A3 zum Beispiel. Das ist aber die Ausnahme, nicht die Regel.<\/p>\n<h2>In Deggendorf arbeiten und&#8230;<\/h2>\n<\/div>\n<p>[\/et_pb_text][\/et_pb_column][\/et_pb_row][et_pb_row column_structure=&#8220;1_2,1_2&#8243; _builder_version=&#8220;3.27.3&#8243; custom_padding=&#8220;1px|||||&#8220; _i=&#8220;1&#8243; _address=&#8220;0.1&#8243;][et_pb_column type=&#8220;1_2&#8243; _builder_version=&#8220;3.27.3&#8243; _i=&#8220;0&#8243; _address=&#8220;0.1.0&#8243;][et_pb_text _builder_version=&#8220;3.27.3&#8243; border_width_all=&#8220;1px&#8220; border_color_all=&#8220;#15066b&#8220; box_shadow_style=&#8220;preset3&#8243; box_shadow_color=&#8220;rgba(21,6,107,0.3)&#8220; custom_padding=&#8220;15px|15px|1px|14px|false|false&#8220; _i=&#8220;0&#8243; _address=&#8220;0.1.0.0&#8243;]<\/p>\n<div style=\"text-align:justify\">\n<h3>B&#8230;wohnen in Plattling<\/h3>\n<p><img loading=\"lazy\" decoding=\"async\" src=\"https:\/\/www.travianet.de\/wp-content\/uploads\/2020\/02\/wohnen-und-arbeiten-landkreis-deggendorf-plattling.jpg\" alt=\"Arbeiten in Deggendorf und Wohnen in Plattling an der Isar\" class=\"wp-image-36683 aligncenter size-full\" width=\"500\" height=\"281\" \/><\/p>\n<p>Von der Isarstadt mit rund 13.000 Einwohnern braucht man im Idealfall <strong>5 Minuten \u00fcber die A92 nach Deggendorf<\/strong>. Die Stadt bietet alles, was sich Familien w\u00fcnschen: Grund-, Mittel- und Realschule, mehrere Kinderg\u00e4rten und Kinderkrippe. Berufst\u00e4tige Eltern k\u00f6nnen Ihre Kinder in der Grundschule entweder in die Ganztagsschule geben oder nachmittags im Kinderhort betreuen lassen.<\/p>\n<p>Seit der Gestaltung des so genannten Magdalenenplatzes verf\u00fcgt die Stadt auch \u00fcber ein <strong>kulturelles Freiluftzentrum<\/strong> im Stadtkern. Hier finden Konzerte, Auff\u00fchrungen oder auch\u00a0 Christkindl- und Faschingsmarkt statt. ber\u00fchmt ist Plattling f\u00fcr sein <strong>gro\u00dfes Nibelungenfestspiel,<\/strong> dass alle vier Jahre zur Auff\u00fchrung kommt. Nicht nur das. Der ganze Stadtkern verwandelt sich in einen mittelalterlichen Schauplatz mit Hunnenlager, Markt und Ritterzelten. Kaum ein Einwohner, der nicht im <strong>Nibelungen- oder Hunnengewand<\/strong> seine Runden dreht.<\/p>\n<p>Plattling hat durch den Eisenbahnknoten auch eine strategisch g\u00fcnstige Lage. Mit der Bahn kann man vorn hier aus <strong>ohne Umsteigen nach Hamburg oder Wien<\/strong> fahren.<\/p>\n<p>Mehr Infos: <a href=\"https:\/\/www.plattling.de\/\" target=\"_blank\" rel=\"noopener noreferrer\">www.plattling.de<\/a><\/p>\n<\/div>\n<p>[\/et_pb_text][et_pb_text _builder_version=&#8220;3.27.3&#8243; border_width_all=&#8220;1px&#8220; border_color_all=&#8220;#15066b&#8220; box_shadow_style=&#8220;preset3&#8243; box_shadow_color=&#8220;rgba(21,6,107,0.3)&#8220; custom_padding=&#8220;15px|15px|1px|14px|false|false&#8220; _i=&#8220;1&#8243; _address=&#8220;0.1.0.1&#8243;]<\/p>\n<div style=\"text-align:justify\">\n<h3>&#8230;.wohnen in Hengersberg<\/h3>\n<p><img loading=\"lazy\" decoding=\"async\" src=\"https:\/\/www.travianet.de\/wp-content\/uploads\/2020\/02\/Wohnen-in-Hengersberg.jpg\" alt=\"Wohnen zu F\u00fc\u00dfen der Kirche in Hengersberg, arbeiten in Deggendorf\" class=\"wp-image-36692 aligncenter size-full\" width=\"500\" height=\"281\" \/><\/p>\n<p>Der Markt Hengersberg mit rund 7.800 Einwohnern liegt s\u00fcd\u00f6stlich von Deggendorf. Hengersberg punktet vor allem durch seine <strong>landschaftlich sch\u00f6ne Lage<\/strong>. Direkt im <strong>gr\u00fcnen G\u00fcrtel zwischen Donau und Bayerischem Wald<\/strong> bietet der Markt eine Vielzahl an Freizeitm\u00f6glichkeiten. Wandern, Baden (auch im <strong>markteigenen Frei- und Hallenbad<\/strong>) oder Biken auf dem Donauradweg sind bei Jung und Alt beliebt. Gleiches gilt nat\u00fcrlich auch f\u00fcr ausgiebige Spazierg\u00e4nge, zum Beispiel entlang der Donau.<\/p>\n<p>F\u00fcr den allt\u00e4glichen Bedarf gibt es ausreichend Gesch\u00e4fte, ebenso wie zum Beispiel \u00c4rzte. Es gibt 4 Kindertagesst\u00e4tten und zwei Volksschulen, mit der Benediktinerabtei Niederalteich findet man ein <strong>humanistisches Gymnasium quasi direkt vor der Haust\u00fcre<\/strong>.<\/p>\n<p>Der Anschluss an die Autobahn A3 erm\u00f6glicht es, dass man innerhalb kurzer Zeit nicht nur in Deggendorf, sondern auch in<strong> Passau, Regensburg oder Straubing shoppen<\/strong> gehen kann.<\/p>\n<p>Mehr Infos: Mehr Infos: <a href=\"https:\/\/www.hengersberg.de\/\" target=\"_blank\" rel=\"noopener noreferrer\">www.hengersberg.de<\/a>\n<\/div>\n<p>[\/et_pb_text][\/et_pb_column][et_pb_column type=&#8220;1_2&#8243; _builder_version=&#8220;3.27.3&#8243; _i=&#8220;1&#8243; _address=&#8220;0.1.1&#8243;][et_pb_text _builder_version=&#8220;3.27.3&#8243; border_width_all=&#8220;1px&#8220; border_color_all=&#8220;#15066b&#8220; box_shadow_style=&#8220;preset3&#8243; box_shadow_color=&#8220;rgba(21,6,107,0.3)&#8220; custom_padding=&#8220;15px|15px|15px|15px|false|false&#8220; _i=&#8220;0&#8243; _address=&#8220;0.1.1.0&#8243;]<\/p>\n<div style=\"text-align:justify\">\n<h3>&#8230;wohnen in Osterhofen<\/h3>\n<p><img loading=\"lazy\" decoding=\"async\" src=\"https:\/\/www.travianet.de\/wp-content\/uploads\/2020\/02\/wohnen-in-Osterhofen-an-der-Donau.jpg\" alt=\"Arbeiten in Deggendorf und Wohnen in Osterhofen an der Donau\" class=\"wp-image-36688 aligncenter size-full\" width=\"500\" height=\"281\" \/><\/p>\n<p>Osterhofen ist mit gut 11.000 Einwohnern die drittgr\u00f6\u00dfte Stadt im Landkreis Deggendorf. \u00dcber Plattling oder Hengersberg gelangt man auch von hier aus relativ schnell zu seinem <strong>Arbeitsplatz in Deggendorf<\/strong>. Auch Osterhofen verf\u00fcgt \u00fcber Grund-, Mittel- und Realschule sowie entsprechende Betreuungseinrichtungen.<\/p>\n<p>Osterhofen bietet alles, was man zum t\u00e4glichen Leben ben\u00f6tigt. Superm\u00e4rkte, Freizeiteinrichtungen, eine gute medizinische Versorgung, Restaurants und Caf\u00e9s. Was Osterhofen besonders auszeichnet, sind die <strong>g\u00fcnstigen Preise f\u00fcr Eigen- und Mietimmobilien<\/strong>. Der Quadratmeterpereis f\u00fcr Kaufimmobilien liegt seit Jahren konstant zwischen 1.000 und 4.500 \u20ac, der Quadratmeterpreis f\u00fcr Mietobjekte zwischen 5,50\u20ac und 10 \u20ac. Das sind Preise, die sich auch <strong>Familien mit geringem Einkommen<\/strong> gut leisten k\u00f6nnen.<\/p>\n<p>Mehr Infos: <a href=\"https:\/\/www.osterhofen.de\/\" target=\"_blank\" rel=\"noopener noreferrer\">www.osterhofen.de<\/a>\n<\/div>\n<p>[\/et_pb_text][et_pb_text _builder_version=&#8220;3.27.3&#8243; border_width_all=&#8220;1px&#8220; border_color_all=&#8220;#15066b&#8220; box_shadow_style=&#8220;preset3&#8243; box_shadow_color=&#8220;rgba(21,6,107,0.3)&#8220; custom_padding=&#8220;15px|15px|15px|15px|false|false&#8220; _i=&#8220;1&#8243; _address=&#8220;0.1.1.1&#8243;]<\/p>\n<div style=\"text-align:justify\">\n<h3>&#8230;wohnen in Metten<\/h3>\n<p><img loading=\"lazy\" decoding=\"async\" src=\"https:\/\/www.travianet.de\/wp-content\/uploads\/2020\/02\/wohnen-neben-benediktinerkloster-metten.jpg\" alt=\"Wohnen in direkter Nachbarschaft des Benediktinerklosters Metten.\" class=\"wp-image-36696 aligncenter size-full\" width=\"500\" height=\"333\" \/><\/p>\n<p>Der Markt Metten mit gut 4.100 Einwohnern ist durch die Benediktinerkloster Metten ein <strong>kulturhistorisch bedeutender Ort<\/strong> nicht nur im Landkreis Deggendorf, sondern <strong>in ganz Niederbayern<\/strong>. Die Bibliothek des Klosters beherbergt <strong>weltweit einzigartige Sch\u00e4tze<\/strong>. Zum Kloster geh\u00f6rt \u00fcbrigens auch ein Gymnasium, neben den beiden in Deggendorf und Niederalteich das vierte im Landkreis Deggendorf.<\/p>\n<p>Auch in Metten genie\u00dft man die <strong>Vorz\u00fcge der Lage zwischen Donau und Bayerischem Wald<\/strong>. Metten liegt direkt an der <strong>Via Nova, dem Europ\u00e4ischen Pilgerweg<\/strong>, sowie am <strong>Donauradweg<\/strong>. Wanderer und Radlfahrer werden sich hier wohl f\u00fchlen. Zudem verf\u00fcgt Metten nach wie vor \u00fcber ein <strong>kommunales Freibad<\/strong>.<\/p>\n<p>Die Marktgemeinde Metten legt gro\u00dfen Wert auf ein familienfreundliches Image. Viele Ma\u00dfnahmen wurden in den vergangenen Jahren angepackt, unter anderem die Einrichtung einer <strong>offenen Ganztagsschule<\/strong> sowie der <strong>Neubau eines weiteren Kindergartens<\/strong>. F\u00fcr die ganz Kleinen gibt es eine Kinderkrippe. Die Mieten und Immobilienpreis sind moderat und vergleichbar mit Osterhofen und Hengersberg.<\/p>\n<p>Mehr Infos: <a href=\"https:\/\/www.markt-metten.de\/\" target=\"_blank\" rel=\"noopener noreferrer\">www.markt-metten.de<\/a><\/p>\n<\/div>\n<p>[\/et_pb_text][\/et_pb_column][\/et_pb_row][et_pb_row _builder_version=&#8220;3.27.3&#8243; _i=&#8220;2&#8243; _address=&#8220;0.2&#8243;][et_pb_column type=&#8220;4_4&#8243; _builder_version=&#8220;3.27.3&#8243; _i=&#8220;0&#8243; _address=&#8220;0.2.0&#8243;][et_pb_text _builder_version=&#8220;3.27.3&#8243; _i=&#8220;0&#8243; _address=&#8220;0.2.0.0&#8243;]<\/p>\n<div style=\"text-align: justify;\">Wohnen und Arbeiten im Landkreis Deggendorf ist vor allem f\u00fcr die Menschen interessant, <strong>die Natur und pulsierendes Stadtleben gleicherma\u00dfnen<\/strong> lieben. Direkt vor den Toren Deggendorfs finden sich <strong>kleinere Gemeinden wie Grafling oder Schaufling,<\/strong> die nicht nur g\u00fcnstigen Wohnraum bieten. Eingebettet in die<strong> Wiesen und sanften H\u00fcgel des Bayerischen Waldes<\/strong> genie\u00dft man hier Natur pur.<\/p>\n<h2>Infrastruktur im Landkreis Deggendorf<\/h2>\n<p>Die Verkehrsanbindung nach Deggendorf ist im ganzen Landkreis gut. \u00dcber ein so genanntes Wabennetz bestehen in allen Gemeinden und St\u00e4dten Busverbindungen in die Gro\u00dfe Kreisstadt. Zudem verkehrt st\u00fcndlich die <strong>Waldbahn zwischen Plattling und Bayerisch Eisenstein<\/strong> mit Stopps in Deggendorf und Grafling.<\/p>\n<p>In Deggendorf kreuzen sich zudem die <strong>Autobahnen A3 und A92<\/strong>. Die A3 ist mit knapp 800 Kilometern die z<strong>weitl\u00e4ngste Autobahn Deutschlands<\/strong>. Sie f\u00fchrt von den Niederlanden quer durch das Bundesgebiet an die \u00f6sterreichische Grenze bei Passau. Die A92 ist die <strong>direkte Anbindung Niederbayerns an M\u00fcnchen<\/strong> und den dortigen Flughafen.<\/p>\n<h2>Offene Stellen im Landkreis Deggendorf<\/h2>\n<h3>F\u00fcr Quereinsteiger und Profis bei travianet<\/h3>\n<p>Wohnen und Arbeiten im Landkreis Deggendorf bietet viele Vorteile. <strong>Offene Stellen f\u00fcr Quereinsteiger und Profis<\/strong> mit Anspruch an die perfekte Work-Life-Balance in Niederbayern findet man auf unserer <a href=\"\/karriere\/\">Karriere-Seite<\/a>.<\/p>\n<\/div>\n<p>[\/et_pb_text][\/et_pb_column][\/et_pb_row][\/et_pb_section]<\/p>\n","protected":false},"excerpt":{"rendered":"<p>Dass es sich in der Gro\u00dfen Kreisstadt Deggendorf gut leben l\u00e4sst, haben wir Euch ja schon erkl\u00e4rt. Die hervorragende Work-Life-Balance beschr\u00e4nkt sich aber nicht nur auf Deggendorf. Der ganze Landkreis Deggendorf ist f\u00fcr Wohnen und Arbeiten top. Rund 120.000 Menschen sind im Landkreis Deggendorf auf einer Fl\u00e4che von gut 860 km2 zuhause. Neben Deggendorf mit [&hellip;]<\/p>\n","protected":false},"author":4,"featured_media":36679,"comment_status":"open","ping_status":"open","sticky":false,"template":"","format":"standard","meta":{"_et_pb_use_builder":"on","_et_pb_old_content":"","_et_gb_content_width":"","footnotes":""},"categories":[110],"tags":[],"class_list":["post-36666","post","type-post","status-publish","format-standard","has-post-thumbnail","hentry","category-inside-travianet"],"yoast_head":"<!-- This site is optimized with the Yoast SEO plugin v27.4 - https:\/\/yoast.com\/product\/yoast-seo-wordpress\/ -->\n<title>Wohnen und Arbeiten im Landkreis Deggendorf - travianet<\/title>\n<meta name=\"description\" content=\"Wohnen und Arbeiten im Landkreis Deggendorf: Orte mit hoher Work-Life-Balance | Offene Stellen bei travianet | Dein Partner, wenn es um Reisen geht\" \/>\n<meta name=\"robots\" content=\"index, follow, max-snippet:-1, max-image-preview:large, max-video-preview:-1\" \/>\n<link rel=\"canonical\" href=\"https:\/\/www.travianet.de\/inside-travianet\/wohnen-und-arbeiten-im-landkreis-deggendorf\/\" \/>\n<meta property=\"og:locale\" content=\"cs_CZ\" \/>\n<meta property=\"og:type\" content=\"article\" \/>\n<meta property=\"og:title\" content=\"Wohnen und Arbeiten im Landkreis Deggendorf - travianet\" \/>\n<meta property=\"og:description\" content=\"Wohnen und Arbeiten im Landkreis Deggendorf: Orte mit hoher Work-Life-Balance | Offene Stellen bei travianet | Dein Partner, wenn es um Reisen geht\" \/>\n<meta property=\"og:url\" content=\"https:\/\/www.travianet.de\/inside-travianet\/wohnen-und-arbeiten-im-landkreis-deggendorf\/\" \/>\n<meta property=\"og:site_name\" content=\"travianet\" \/>\n<meta property=\"article:published_time\" content=\"2020-02-21T08:28:53+00:00\" \/>\n<meta property=\"article:modified_time\" content=\"2020-05-26T08:49:34+00:00\" \/>\n<meta property=\"og:image\" content=\"https:\/\/www.travianet.de\/wp-content\/uploads\/2020\/02\/wohnen-und-arbeiten-im-landkreis-deggendorf.jpg\" \/>\n\t<meta property=\"og:image:width\" content=\"1000\" \/>\n\t<meta property=\"og:image:height\" content=\"667\" \/>\n\t<meta property=\"og:image:type\" content=\"image\/jpeg\" \/>\n<meta name=\"author\" content=\"travianet\" \/>\n<meta name=\"twitter:card\" content=\"summary_large_image\" \/>\n<meta name=\"twitter:creator\" content=\"@travianet\" \/>\n<meta name=\"twitter:site\" content=\"@travianet\" \/>\n<meta name=\"twitter:label1\" content=\"Napsal(a)\" \/>\n\t<meta name=\"twitter:data1\" content=\"travianet\" \/>\n\t<meta name=\"twitter:label2\" content=\"Odhadovan\u00e1 doba \u010dten\u00ed\" \/>\n\t<meta name=\"twitter:data2\" content=\"6 minut\" \/>\n<script type=\"application\/ld+json\" class=\"yoast-schema-graph\">{\"@context\":\"https:\\\/\\\/schema.org\",\"@graph\":[{\"@type\":\"Article\",\"@id\":\"https:\\\/\\\/www.travianet.de\\\/inside-travianet\\\/wohnen-und-arbeiten-im-landkreis-deggendorf\\\/#article\",\"isPartOf\":{\"@id\":\"https:\\\/\\\/www.travianet.de\\\/inside-travianet\\\/wohnen-und-arbeiten-im-landkreis-deggendorf\\\/\"},\"author\":{\"name\":\"travianet\",\"@id\":\"https:\\\/\\\/www.travianet.de\\\/#\\\/schema\\\/person\\\/9e1ffeb8ecf680b4f3a190d98ddf1bf5\"},\"headline\":\"Wohnen und Arbeiten im Landkreis Deggendorf\",\"datePublished\":\"2020-02-21T08:28:53+00:00\",\"dateModified\":\"2020-05-26T08:49:34+00:00\",\"mainEntityOfPage\":{\"@id\":\"https:\\\/\\\/www.travianet.de\\\/inside-travianet\\\/wohnen-und-arbeiten-im-landkreis-deggendorf\\\/\"},\"wordCount\":1241,\"commentCount\":0,\"publisher\":{\"@id\":\"https:\\\/\\\/www.travianet.de\\\/#organization\"},\"image\":{\"@id\":\"https:\\\/\\\/www.travianet.de\\\/inside-travianet\\\/wohnen-und-arbeiten-im-landkreis-deggendorf\\\/#primaryimage\"},\"thumbnailUrl\":\"https:\\\/\\\/www.travianet.de\\\/wp-content\\\/uploads\\\/2020\\\/02\\\/wohnen-und-arbeiten-im-landkreis-deggendorf.jpg\",\"articleSection\":[\"Inside travianet\"],\"inLanguage\":\"cs\",\"potentialAction\":[{\"@type\":\"CommentAction\",\"name\":\"Comment\",\"target\":[\"https:\\\/\\\/www.travianet.de\\\/inside-travianet\\\/wohnen-und-arbeiten-im-landkreis-deggendorf\\\/#respond\"]}]},{\"@type\":\"WebPage\",\"@id\":\"https:\\\/\\\/www.travianet.de\\\/inside-travianet\\\/wohnen-und-arbeiten-im-landkreis-deggendorf\\\/\",\"url\":\"https:\\\/\\\/www.travianet.de\\\/inside-travianet\\\/wohnen-und-arbeiten-im-landkreis-deggendorf\\\/\",\"name\":\"Wohnen und Arbeiten im Landkreis Deggendorf - travianet\",\"isPartOf\":{\"@id\":\"https:\\\/\\\/www.travianet.de\\\/#website\"},\"primaryImageOfPage\":{\"@id\":\"https:\\\/\\\/www.travianet.de\\\/inside-travianet\\\/wohnen-und-arbeiten-im-landkreis-deggendorf\\\/#primaryimage\"},\"image\":{\"@id\":\"https:\\\/\\\/www.travianet.de\\\/inside-travianet\\\/wohnen-und-arbeiten-im-landkreis-deggendorf\\\/#primaryimage\"},\"thumbnailUrl\":\"https:\\\/\\\/www.travianet.de\\\/wp-content\\\/uploads\\\/2020\\\/02\\\/wohnen-und-arbeiten-im-landkreis-deggendorf.jpg\",\"datePublished\":\"2020-02-21T08:28:53+00:00\",\"dateModified\":\"2020-05-26T08:49:34+00:00\",\"description\":\"Wohnen und Arbeiten im Landkreis Deggendorf: Orte mit hoher Work-Life-Balance | Offene Stellen bei travianet | Dein Partner, wenn es um Reisen geht\",\"breadcrumb\":{\"@id\":\"https:\\\/\\\/www.travianet.de\\\/inside-travianet\\\/wohnen-und-arbeiten-im-landkreis-deggendorf\\\/#breadcrumb\"},\"inLanguage\":\"cs\",\"potentialAction\":[{\"@type\":\"ReadAction\",\"target\":[\"https:\\\/\\\/www.travianet.de\\\/inside-travianet\\\/wohnen-und-arbeiten-im-landkreis-deggendorf\\\/\"]}]},{\"@type\":\"ImageObject\",\"inLanguage\":\"cs\",\"@id\":\"https:\\\/\\\/www.travianet.de\\\/inside-travianet\\\/wohnen-und-arbeiten-im-landkreis-deggendorf\\\/#primaryimage\",\"url\":\"https:\\\/\\\/www.travianet.de\\\/wp-content\\\/uploads\\\/2020\\\/02\\\/wohnen-und-arbeiten-im-landkreis-deggendorf.jpg\",\"contentUrl\":\"https:\\\/\\\/www.travianet.de\\\/wp-content\\\/uploads\\\/2020\\\/02\\\/wohnen-und-arbeiten-im-landkreis-deggendorf.jpg\",\"width\":1000,\"height\":667,\"caption\":\"Wohnen und Arbeiten im Landkreis Deggendorf - die perfekte Work-Life-Balance\"},{\"@type\":\"BreadcrumbList\",\"@id\":\"https:\\\/\\\/www.travianet.de\\\/inside-travianet\\\/wohnen-und-arbeiten-im-landkreis-deggendorf\\\/#breadcrumb\",\"itemListElement\":[{\"@type\":\"ListItem\",\"position\":1,\"name\":\"Startseite\",\"item\":\"https:\\\/\\\/www.travianet.de\\\/cs\\\/\"},{\"@type\":\"ListItem\",\"position\":2,\"name\":\"Wohnen und Arbeiten im Landkreis Deggendorf\"}]},{\"@type\":\"WebSite\",\"@id\":\"https:\\\/\\\/www.travianet.de\\\/#website\",\"url\":\"https:\\\/\\\/www.travianet.de\\\/\",\"name\":\"travianet\",\"description\":\"Die Nummer Eins wenn es um Reisepartnerprogramme geht\",\"publisher\":{\"@id\":\"https:\\\/\\\/www.travianet.de\\\/#organization\"},\"potentialAction\":[{\"@type\":\"SearchAction\",\"target\":{\"@type\":\"EntryPoint\",\"urlTemplate\":\"https:\\\/\\\/www.travianet.de\\\/?s={search_term_string}\"},\"query-input\":{\"@type\":\"PropertyValueSpecification\",\"valueRequired\":true,\"valueName\":\"search_term_string\"}}],\"inLanguage\":\"cs\"},{\"@type\":\"Organization\",\"@id\":\"https:\\\/\\\/www.travianet.de\\\/#organization\",\"name\":\"travianet GmbH\",\"url\":\"https:\\\/\\\/www.travianet.de\\\/\",\"logo\":{\"@type\":\"ImageObject\",\"inLanguage\":\"cs\",\"@id\":\"https:\\\/\\\/www.travianet.de\\\/#\\\/schema\\\/logo\\\/image\\\/\",\"url\":\"https:\\\/\\\/www.travianet.de\\\/wp-content\\\/uploads\\\/2017\\\/06\\\/travianetLogo.png\",\"contentUrl\":\"https:\\\/\\\/www.travianet.de\\\/wp-content\\\/uploads\\\/2017\\\/06\\\/travianetLogo.png\",\"width\":426,\"height\":80,\"caption\":\"travianet GmbH\"},\"image\":{\"@id\":\"https:\\\/\\\/www.travianet.de\\\/#\\\/schema\\\/logo\\\/image\\\/\"},\"sameAs\":[\"https:\\\/\\\/x.com\\\/travianet\",\"https:\\\/\\\/www.linkedin.com\\\/company-beta\\\/1138881\\\/\"]},{\"@type\":\"Person\",\"@id\":\"https:\\\/\\\/www.travianet.de\\\/#\\\/schema\\\/person\\\/9e1ffeb8ecf680b4f3a190d98ddf1bf5\",\"name\":\"travianet\",\"sameAs\":[\"https:\\\/\\\/www.travianet.de\"]}]}<\/script>\n<!-- \/ Yoast SEO plugin. -->","yoast_head_json":{"title":"Wohnen und Arbeiten im Landkreis Deggendorf - travianet","description":"Wohnen und Arbeiten im Landkreis Deggendorf: Orte mit hoher Work-Life-Balance | Offene Stellen bei travianet | Dein Partner, wenn es um Reisen geht","robots":{"index":"index","follow":"follow","max-snippet":"max-snippet:-1","max-image-preview":"max-image-preview:large","max-video-preview":"max-video-preview:-1"},"canonical":"https:\/\/www.travianet.de\/inside-travianet\/wohnen-und-arbeiten-im-landkreis-deggendorf\/","og_locale":"cs_CZ","og_type":"article","og_title":"Wohnen und Arbeiten im Landkreis Deggendorf - travianet","og_description":"Wohnen und Arbeiten im Landkreis Deggendorf: Orte mit hoher Work-Life-Balance | Offene Stellen bei travianet | Dein Partner, wenn es um Reisen geht","og_url":"https:\/\/www.travianet.de\/inside-travianet\/wohnen-und-arbeiten-im-landkreis-deggendorf\/","og_site_name":"travianet","article_published_time":"2020-02-21T08:28:53+00:00","article_modified_time":"2020-05-26T08:49:34+00:00","og_image":[{"width":1000,"height":667,"url":"https:\/\/www.travianet.de\/wp-content\/uploads\/2020\/02\/wohnen-und-arbeiten-im-landkreis-deggendorf.jpg","type":"image\/jpeg"}],"author":"travianet","twitter_card":"summary_large_image","twitter_creator":"@travianet","twitter_site":"@travianet","twitter_misc":{"Napsal(a)":"travianet","Odhadovan\u00e1 doba \u010dten\u00ed":"6 minut"},"schema":{"@context":"https:\/\/schema.org","@graph":[{"@type":"Article","@id":"https:\/\/www.travianet.de\/inside-travianet\/wohnen-und-arbeiten-im-landkreis-deggendorf\/#article","isPartOf":{"@id":"https:\/\/www.travianet.de\/inside-travianet\/wohnen-und-arbeiten-im-landkreis-deggendorf\/"},"author":{"name":"travianet","@id":"https:\/\/www.travianet.de\/#\/schema\/person\/9e1ffeb8ecf680b4f3a190d98ddf1bf5"},"headline":"Wohnen und Arbeiten im Landkreis Deggendorf","datePublished":"2020-02-21T08:28:53+00:00","dateModified":"2020-05-26T08:49:34+00:00","mainEntityOfPage":{"@id":"https:\/\/www.travianet.de\/inside-travianet\/wohnen-und-arbeiten-im-landkreis-deggendorf\/"},"wordCount":1241,"commentCount":0,"publisher":{"@id":"https:\/\/www.travianet.de\/#organization"},"image":{"@id":"https:\/\/www.travianet.de\/inside-travianet\/wohnen-und-arbeiten-im-landkreis-deggendorf\/#primaryimage"},"thumbnailUrl":"https:\/\/www.travianet.de\/wp-content\/uploads\/2020\/02\/wohnen-und-arbeiten-im-landkreis-deggendorf.jpg","articleSection":["Inside travianet"],"inLanguage":"cs","potentialAction":[{"@type":"CommentAction","name":"Comment","target":["https:\/\/www.travianet.de\/inside-travianet\/wohnen-und-arbeiten-im-landkreis-deggendorf\/#respond"]}]},{"@type":"WebPage","@id":"https:\/\/www.travianet.de\/inside-travianet\/wohnen-und-arbeiten-im-landkreis-deggendorf\/","url":"https:\/\/www.travianet.de\/inside-travianet\/wohnen-und-arbeiten-im-landkreis-deggendorf\/","name":"Wohnen und Arbeiten im Landkreis Deggendorf - travianet","isPartOf":{"@id":"https:\/\/www.travianet.de\/#website"},"primaryImageOfPage":{"@id":"https:\/\/www.travianet.de\/inside-travianet\/wohnen-und-arbeiten-im-landkreis-deggendorf\/#primaryimage"},"image":{"@id":"https:\/\/www.travianet.de\/inside-travianet\/wohnen-und-arbeiten-im-landkreis-deggendorf\/#primaryimage"},"thumbnailUrl":"https:\/\/www.travianet.de\/wp-content\/uploads\/2020\/02\/wohnen-und-arbeiten-im-landkreis-deggendorf.jpg","datePublished":"2020-02-21T08:28:53+00:00","dateModified":"2020-05-26T08:49:34+00:00","description":"Wohnen und Arbeiten im Landkreis Deggendorf: Orte mit hoher Work-Life-Balance | Offene Stellen bei travianet | Dein Partner, wenn es um Reisen geht","breadcrumb":{"@id":"https:\/\/www.travianet.de\/inside-travianet\/wohnen-und-arbeiten-im-landkreis-deggendorf\/#breadcrumb"},"inLanguage":"cs","potentialAction":[{"@type":"ReadAction","target":["https:\/\/www.travianet.de\/inside-travianet\/wohnen-und-arbeiten-im-landkreis-deggendorf\/"]}]},{"@type":"ImageObject","inLanguage":"cs","@id":"https:\/\/www.travianet.de\/inside-travianet\/wohnen-und-arbeiten-im-landkreis-deggendorf\/#primaryimage","url":"https:\/\/www.travianet.de\/wp-content\/uploads\/2020\/02\/wohnen-und-arbeiten-im-landkreis-deggendorf.jpg","contentUrl":"https:\/\/www.travianet.de\/wp-content\/uploads\/2020\/02\/wohnen-und-arbeiten-im-landkreis-deggendorf.jpg","width":1000,"height":667,"caption":"Wohnen und Arbeiten im Landkreis Deggendorf - die perfekte Work-Life-Balance"},{"@type":"BreadcrumbList","@id":"https:\/\/www.travianet.de\/inside-travianet\/wohnen-und-arbeiten-im-landkreis-deggendorf\/#breadcrumb","itemListElement":[{"@type":"ListItem","position":1,"name":"Startseite","item":"https:\/\/www.travianet.de\/cs\/"},{"@type":"ListItem","position":2,"name":"Wohnen und Arbeiten im Landkreis Deggendorf"}]},{"@type":"WebSite","@id":"https:\/\/www.travianet.de\/#website","url":"https:\/\/www.travianet.de\/","name":"travianet","description":"Die Nummer Eins wenn es um Reisepartnerprogramme geht","publisher":{"@id":"https:\/\/www.travianet.de\/#organization"},"potentialAction":[{"@type":"SearchAction","target":{"@type":"EntryPoint","urlTemplate":"https:\/\/www.travianet.de\/?s={search_term_string}"},"query-input":{"@type":"PropertyValueSpecification","valueRequired":true,"valueName":"search_term_string"}}],"inLanguage":"cs"},{"@type":"Organization","@id":"https:\/\/www.travianet.de\/#organization","name":"travianet GmbH","url":"https:\/\/www.travianet.de\/","logo":{"@type":"ImageObject","inLanguage":"cs","@id":"https:\/\/www.travianet.de\/#\/schema\/logo\/image\/","url":"https:\/\/www.travianet.de\/wp-content\/uploads\/2017\/06\/travianetLogo.png","contentUrl":"https:\/\/www.travianet.de\/wp-content\/uploads\/2017\/06\/travianetLogo.png","width":426,"height":80,"caption":"travianet GmbH"},"image":{"@id":"https:\/\/www.travianet.de\/#\/schema\/logo\/image\/"},"sameAs":["https:\/\/x.com\/travianet","https:\/\/www.linkedin.com\/company-beta\/1138881\/"]},{"@type":"Person","@id":"https:\/\/www.travianet.de\/#\/schema\/person\/9e1ffeb8ecf680b4f3a190d98ddf1bf5","name":"travianet","sameAs":["https:\/\/www.travianet.de"]}]}},"_links":{"self":[{"href":"https:\/\/www.travianet.de\/cs\/wp-json\/wp\/v2\/posts\/36666","targetHints":{"allow":["GET"]}}],"collection":[{"href":"https:\/\/www.travianet.de\/cs\/wp-json\/wp\/v2\/posts"}],"about":[{"href":"https:\/\/www.travianet.de\/cs\/wp-json\/wp\/v2\/types\/post"}],"author":[{"embeddable":true,"href":"https:\/\/www.travianet.de\/cs\/wp-json\/wp\/v2\/users\/4"}],"replies":[{"embeddable":true,"href":"https:\/\/www.travianet.de\/cs\/wp-json\/wp\/v2\/comments?post=36666"}],"version-history":[{"count":14,"href":"https:\/\/www.travianet.de\/cs\/wp-json\/wp\/v2\/posts\/36666\/revisions"}],"predecessor-version":[{"id":36882,"href":"https:\/\/www.travianet.de\/cs\/wp-json\/wp\/v2\/posts\/36666\/revisions\/36882"}],"wp:featuredmedia":[{"embeddable":true,"href":"https:\/\/www.travianet.de\/cs\/wp-json\/wp\/v2\/media\/36679"}],"wp:attachment":[{"href":"https:\/\/www.travianet.de\/cs\/wp-json\/wp\/v2\/media?parent=36666"}],"wp:term":[{"taxonomy":"category","embeddable":true,"href":"https:\/\/www.travianet.de\/cs\/wp-json\/wp\/v2\/categories?post=36666"},{"taxonomy":"post_tag","embeddable":true,"href":"https:\/\/www.travianet.de\/cs\/wp-json\/wp\/v2\/tags?post=36666"}],"curies":[{"name":"wp","href":"https:\/\/api.w.org\/{rel}","templated":true}]}}